{"id":8714,"date":"2014-05-31T10:25:03","date_gmt":"2014-05-31T13:25:03","guid":{"rendered":"http:\/\/argentinamunicipal.com.ar\/argentina\/?p=8714"},"modified":"2014-05-31T10:25:03","modified_gmt":"2014-05-31T13:25:03","slug":"nacion-entrego-dos-nuevas-locomotoras-para-tren-patagonico","status":"publish","type":"post","link":"http:\/\/argentinamunicipal.com.ar\/argentina\/nacion-entrego-dos-nuevas-locomotoras-para-tren-patagonico\/","title":{"rendered":"Naci\u00f3n entreg\u00f3 dos nuevas locomotoras para Tren Patag\u00f3nico"},"content":{"rendered":"<p><a href=\"http:\/\/argentinamunicipal.com.ar\/argentina\/wp-content\/uploads\/2014\/05\/524b194426d246f95be5a7e6a705d46e_L.jpg\"><img loading=\"lazy\" decoding=\"async\" class=\"aligncenter size-full wp-image-8715\" src=\"http:\/\/argentinamunicipal.com.ar\/argentina\/wp-content\/uploads\/2014\/05\/524b194426d246f95be5a7e6a705d46e_L.jpg\" alt=\"524b194426d246f95be5a7e6a705d46e_L\" width=\"800\" height=\"534\" srcset=\"http:\/\/argentinamunicipal.com.ar\/argentina\/wp-content\/uploads\/2014\/05\/524b194426d246f95be5a7e6a705d46e_L.jpg 800w, http:\/\/argentinamunicipal.com.ar\/argentina\/wp-content\/uploads\/2014\/05\/524b194426d246f95be5a7e6a705d46e_L-300x200.jpg 300w\" sizes=\"auto, (max-width: 800px) 100vw, 800px\" \/><\/a><\/p>\n<p>El Gobernador de R\u00edo Negro, Alberto Weretilneck junto al Ministro del Interior y Transporte de la Naci\u00f3n, Florencio Randazzo y el senador Nacional, Miguel Pichetto pusieron ayer formalmente en funcionamiento la nueva formaci\u00f3n del Tren Patag\u00f3nico que une el este y el oeste de la Provincia a trav\u00e9s de la Regi\u00f3n Sur.<\/p>\n<p>Estuvieron presentes, el secretario de Educaci\u00f3n de la Naci\u00f3n, Jaime Perczyk; los diputados nacionales, Jorge Cejas y Jos\u00e9 Gagliardi; el presidente de la Legislatura de R\u00edo Negro, Ariel Rivero; el Presidente del Bloque de Legisladores del FpV, Pedro Pesatti; los ministros de Obras y Servicios P\u00fablicos, Julio Arrieta; de Educaci\u00f3n y Derechos Humanos, Marcelo Mango y de Salud, Norberto Delfino; el presidente del Tren patag\u00f3nico, Leandro Maljasian; intendentes, legisladores, autoridades provinciales y municipales.<\/p>\n<p>En el acto se destac\u00f3 el aporte de las dos locomotoras de la l\u00ednea San Mart\u00edn realizado por el Ministerio del Interior y Transporte de la Naci\u00f3n que hicieron posible la reactivaci\u00f3n de este servicio primordial para la comunicaci\u00f3n y el turismo de la Provincia.<\/p>\n<p>En este marco, el Gobernador subray\u00f3 la importancia que tiene el tren para R\u00edo Negro \u201cno s\u00f3lo porque permiti\u00f3 el doblamiento definitivo de la Regi\u00f3n Sur, que tiene dos momentos hist\u00f3ricos: la construcci\u00f3n de las v\u00edas en 1900 y la uni\u00f3n de Bariloche con el resto del pa\u00eds. Sino tambi\u00e9n por la uni\u00f3n de las poblaciones que estaban sin ning\u00fan tipo de contacto. El tren form\u00f3 parte de la integraci\u00f3n definitiva de la Provincia\u201d.<\/p>\n<p>Por otra parte, Weretilneck manifest\u00f3 que \u201cjunto con el tren hoy hay otra gran obra del Estado Nacional que es la pavimentaci\u00f3n de la Ruta Nacional N\u00ba 23. Otro hecho hist\u00f3rico de integraci\u00f3n provincial, que une el Atl\u00e1ntico con el Pac\u00edfico\u201d.<\/p>\n<p>Asimismo, el Mandadatario explic\u00f3 que \u201cpara la Provincia, mantener el tren es un esfuerzo presupuestario y econ\u00f3mico importante, sobre todo porque el material rodante tiene sus a\u00f1os, a pesar del excelente mantenimiento que hace el personal, pero nunca da la ecuaci\u00f3n econ\u00f3mica-financiera para tener un super\u00e1vit que nos permita estar a\u00fan mejor. De todos modos, el transporte p\u00fablico tiene una funci\u00f3n social que va m\u00e1s all\u00e1 de si se gana o se pierde dinero, para nosotros el tren va a seguir funcionando m\u00e1s all\u00e1 de todo, porque es el desaf\u00edo que tenemos con los vecinos de la Regi\u00f3n Sur\u201d.<\/p>\n<p>Luego, explic\u00f3: \u201cEl a\u00f1o pasado sufrimos inconvenientes con el tren y fuimos junto con el senador Pichetto a verlo al Ministro del Interior, le planteamos nuestra problem\u00e1tica y en 60 d\u00edas, con el acompa\u00f1amiento del Ministro Randazzo, se nos cedi\u00f3 en forma gratuita dos locomotoras y en virtud de este compromiso del Ministro, hoy el tren est\u00e1 volviendo a unir el Atl\u00e1ntico con el Pac\u00edfico, la Cordillera con la Capital: Ministro, muchas gracias por ese gesto\u201d.<\/p>\n<p>En este marco, el Gobernador explic\u00f3 que para el pr\u00f3ximo mes se quiere tener una mayor frecuencia y vinculaci\u00f3n entre poblaciones apostando fuertemente en el sistema de cargas. \u201cPara que el tren deje de pedirle tanto auxilio al Tesoro Provincial, es sumamente importante que nosotros jerarquicemos la carga. Ya estamos haciendo piedra caliza, hoy me comentaba el presidente que estamos haciendo el primer transporte de cargas que tiene que ver con la Comarca y Bariloche\u201d.<\/p>\n<p>Y a\u00f1adi\u00f3: \u201cQueremos jerarquizar las cargas y queremos seguir sumando frecuencias. Esto, sin el acompa\u00f1amiento del Ministro Randazzo no hubiese sido posible. Para todos los rionegrinos, fundamentalmente para los de la Regi\u00f3n Sur, este aporte del Gobierno Nacional ha sido muy importante\u201d<\/p>\n<p>\u201cEmpezamos la primera semana con 60 pasajeros de Viedma, la segunda con 120 y hoy salimos con 140 pasajeros. Esto marca claramente que si logramos cumplir con los horarios y las frecuencias la gente va a volver a confiar en el tren, sobre todo porque el costo es el 70% menor que el del colectivo y esto nos va a permitir tener la funci\u00f3n social que estamos buscando\u201d, explic\u00f3 el Gobernador.<\/p>\n<p>Por \u00faltimo, el Mandatario, destac\u00f3 los aportes que el Ministerio del Interior y Transporte hace a la Provincia, \u201cespecialmente desde la conducci\u00f3n, el liderazgo y la responsabilidad con la que el Ministro ha llevado adelante ciertas transformaciones que en la Argentina eran materia pendiente, fundamentalmente lo que tiene que ver con la identificaci\u00f3n de las personas\u201d.<\/p>\n<p>Seguidamente, hizo uso de la palabra el Ministro del Interior y Trasporte, Florencio Randazzo quien manifest\u00f3 que \u201cla Argentina de los \u00faltimos a\u00f1os recuper\u00f3 la centralidad de la pol\u00edtica. Y a partir de ah\u00ed recuper\u00f3 el Estado y un Estado fuerte, inteligente capaz de arbitrar las diferencias, se transforma en un elemento fundamental para poder gestionar. Yo s\u00e9 decir, que no hay mejor pol\u00edtica que la mejor gesti\u00f3n, y la mejor gesti\u00f3n es aquella que transforma la vida cotidiana de la gente, y esto es lo que hemos hecho desde el Gobierno Nacional\u201d.<\/p>\n<p>De este modo, el Ministro destac\u00f3 la pol\u00edtica de seguridad ciudadana lograda a partir del nuevo Documento Nacional de Identidad, as\u00ed como tambi\u00e9n la creada Agencia Nacional de Seguridad Vial.<\/p>\n<p>Luego, el Ministro, expres\u00f3 \u201cpara el Gobierno Nacional el transporte p\u00fablico tiene que ver con una pol\u00edtica de inclusi\u00f3n. De entender que en el transporte p\u00fablico viajan los que m\u00e1s lo necesitan, y ah\u00ed la decisi\u00f3n pol\u00edtica del Gobierno Nacional de poner recursos para que el costo del pasaje salga mucho menos\u201d. Y a\u00f1adi\u00f3: \u201cTen\u00edamos una deuda pendiente que era poner en marcha un proceso de puesta en valor del sistema ferroviario argentino, si seguramente uno repasa la historia de la Argentina encuentra que uno de los mayores errores fue abandonar la pol\u00edtica ferroviaria. Miren si habremos cometido errores para llegar al estado de destrucci\u00f3n que se lleg\u00f3, y fundamentalmente estuvo vinculada a la idea de ver el transporte p\u00fablico como una ecuaci\u00f3n econ\u00f3mica. No tiene nada que ver con eso la ecuaci\u00f3n social, de integraci\u00f3n, econ\u00f3mica viendo el progreso que trae el ferrocarril, esa es la ecuaci\u00f3n y por eso la Presidenta de la Naci\u00f3n decidi\u00f3 aceptar este desaf\u00edo de llevar adelante este proceso de reconversi\u00f3n ferroviaria\u201d.<\/p>\n<p>\u201cLa idea es que todos empecemos a imaginarnos que el servicio ferroviario argentino vino para quedarse. Yo celebro la pol\u00edtica de transporte de la provincia de R\u00edo Negro que contribuye a este desaf\u00edo de poner en marcha el sistema ferroviario\u201d, manifest\u00f3 Randazzo.<\/p>\n<p>Y agreg\u00f3: \u201cNosotros no estamos solamente entregando 2 locomotoras, estamos dici\u00e9ndole a los rionegrinos hay una pol\u00edtica ferroviaria del Gobierno Nacional, hay una decisi\u00f3n pol\u00edtica de la Presidenta de que el sistema ferroviario argentino se recupere definitivamente, que seamos capaces de tener una idea con respecto a la necesidad que tenemos de desarrollar el transporte de carga\u201d.<\/p>\n<p>Por \u00faltimo, el ministro Randazzo convoc\u00f3 a los rionegrinos a sumarse al desafi\u00f3 de que vuelva el tren de Buenos Aires a Bariloche. \u201cNo es un sue\u00f1o-dijo-, anim\u00e9monos a so\u00f1ar todo juntos que va a ser una verdadera realidad\u201d<\/p>\n<p>\u201cYo me comprometo a trabajar con Alberto, con Miguel y con los legisladores nacionales de esta provincia para que la Presidenta, que no tengo ninguna duda que lo va a hacer, nos apoye en este desaf\u00edo para que el tren de Buenos Aires- Bariloche sea una realidad no muy lejana.\u201d<\/p>\n<h3>Recorrido por la Universidad Nacional de R\u00edo Negro<\/h3>\n<p>El Gobernador de R\u00edo Negro, Alberto Weretilneck, el Ministro del Interior y Transporte de la Naci\u00f3n, Florencio Randazzo y el senador Nacional, Miguel Pichetto realizaron, minutos despu\u00e9s del acto en el Tren Patag\u00f3nico, un recorrido por la Universidad Nacional de R\u00edo Negro.<\/p>\n<p>All\u00ed, el rector de la Universidad, Juan Carlos Del Bello; el vicerrector, Anselmo Torres y el director de la licenciatura en Sistemas, Luis Vivas mostraron a la comitiva las instalaciones de la universidad.<\/p>\n<p>Los funcionarios acompa\u00f1ados del secretario de Educaci\u00f3n de la Naci\u00f3n, Jaime Perczik; el ministro de Educaci\u00f3n y Derechos Humanos, Marcelo Mango y dem\u00e1s autoridades provinciales presenciaron una charla brindada por Vivas en el laboratorio donde se les explic\u00f3, junto a alumnos de la carrera, la experiencia desarrollada en la legislatura sobre el voto electr\u00f3nico.<\/p>\n<h6>Fuente: El Cordillerano<\/h6>\n","protected":false},"excerpt":{"rendered":"<p>El Gobernador de R\u00edo Negro, Alberto Weretilneck junto al Ministro del Interior y Transporte de la Naci\u00f3n, Florencio Randazzo y el senador Nacional, Miguel Pichetto pusieron ayer formalmente en funcionamiento la nueva formaci\u00f3n del Tren Patag\u00f3nico que une el este y el oeste de la Provincia a trav\u00e9s de la Regi\u00f3n Sur. Estuvieron presentes, el<\/p>\n","protected":false},"author":2,"featured_media":8715,"comment_status":"closed","ping_status":"closed","sticky":false,"template":"","format":"standard","meta":{"footnotes":""},"categories":[2],"tags":[11],"class_list":["post-8714","post","type-post","status-publish","format-standard","has-post-thumbnail","hentry","category-informe-municipal","tag-rio-negro"],"_links":{"self":[{"href":"http:\/\/argentinamunicipal.com.ar\/argentina\/wp-json\/wp\/v2\/posts\/8714","targetHints":{"allow":["GET"]}}],"collection":[{"href":"http:\/\/argentinamunicipal.com.ar\/argentina\/wp-json\/wp\/v2\/posts"}],"about":[{"href":"http:\/\/argentinamunicipal.com.ar\/argentina\/wp-json\/wp\/v2\/types\/post"}],"author":[{"embeddable":true,"href":"http:\/\/argentinamunicipal.com.ar\/argentina\/wp-json\/wp\/v2\/users\/2"}],"replies":[{"embeddable":true,"href":"http:\/\/argentinamunicipal.com.ar\/argentina\/wp-json\/wp\/v2\/comments?post=8714"}],"version-history":[{"count":0,"href":"http:\/\/argentinamunicipal.com.ar\/argentina\/wp-json\/wp\/v2\/posts\/8714\/revisions"}],"wp:featuredmedia":[{"embeddable":true,"href":"http:\/\/argentinamunicipal.com.ar\/argentina\/wp-json\/wp\/v2\/media\/8715"}],"wp:attachment":[{"href":"http:\/\/argentinamunicipal.com.ar\/argentina\/wp-json\/wp\/v2\/media?parent=8714"}],"wp:term":[{"taxonomy":"category","embeddable":true,"href":"http:\/\/argentinamunicipal.com.ar\/argentina\/wp-json\/wp\/v2\/categories?post=8714"},{"taxonomy":"post_tag","embeddable":true,"href":"http:\/\/argentinamunicipal.com.ar\/argentina\/wp-json\/wp\/v2\/tags?post=8714"}],"curies":[{"name":"wp","href":"https:\/\/api.w.org\/{rel}","templated":true}]}}