{"id":87145,"date":"2019-02-20T07:03:16","date_gmt":"2019-02-20T10:03:16","guid":{"rendered":"http:\/\/argentinamunicipal.com.ar\/argentina\/?p=87145"},"modified":"2019-02-20T07:03:16","modified_gmt":"2019-02-20T10:03:16","slug":"rosario-fuerte-rechazo-gremial-al-proyecto-antipiquete-del-bloque-cambiemos","status":"publish","type":"post","link":"http:\/\/argentinamunicipal.com.ar\/argentina\/rosario-fuerte-rechazo-gremial-al-proyecto-antipiquete-del-bloque-cambiemos\/","title":{"rendered":"Rosario: Fuerte rechazo gremial al proyecto antipiquete del bloque Cambiemos"},"content":{"rendered":"<p>La iniciativa prev\u00e9 multas y p\u00e9rdidas de subsidios para quienes cometan contravenciones y delitos en esas manifestaciones p\u00fablicas.<\/p>\n<p>La iniciativa del bloque de Cambiemos en el Concejo Municipal que prev\u00e9 implementar sanciones m\u00e1s duras para las organizaciones sociales o personas que cometan contravenciones o delitos en el marco de manifestaciones p\u00fablicas en Rosario, r\u00e1pidamente provoc\u00f3 una ola de cr\u00edticas por parte de representantes de gremios locales. Cuestionaron el proyecto y lo definieron como \u00abuna medida aberrante y antidemocr\u00e1tica\u00bb y un aut\u00e9ntico \u00abcastigo para los sectores que reclaman por m\u00e1s derechos\u00bb.<\/p>\n<p>La norma impulsada por los ediles Carlos Cardozo, Agapito Blanco, Renata Ghilotti, Germana Figueroa Casas y Agustina Bouza contempla para quienes cortan calles multas de m\u00e1s de 16 mil pesos, la p\u00e9rdida de los subsidios que reciben por parte del municipio, y adem\u00e1s incluye la solicitud a provincia y Naci\u00f3n para que tambi\u00e9n se eliminen esos beneficios.<\/p>\n<p>La propuesta entr\u00f3 el viernes pasado al Concejo y ser\u00e1 debatida en comisi\u00f3n apenas se inicien las sesiones ordinarias, en marzo. El escrito remarca que \u00abcon el correr de los a\u00f1os, muchas de las actuales organizaciones sociales se han politizado, utilizando de manera abusiva el corte total o parcial de calles como modo de expresi\u00f3n, a los fines de obtener por este medio concesiones de diversa naturaleza\u00bb.<\/p>\n<p>Ante esta presentaci\u00f3n, la pol\u00e9mica se instal\u00f3 en la ciudad, con fuertes rechazos de los referentes de los gremios de Rosario y su zona de influencia.<\/p>\n<p>\u00abEstamos en contra de la criminalizaci\u00f3n de la protesta y en consecuencia en contra de este proyecto que castiga a aquellos que reclamamos por la defensa de nuestros derechos\u00bb, destac\u00f3 Laura Ferrer Varela, secretaria general de Coad (Asociaci\u00f3n Gremial de Docentes e Investigadores de la UNR).<\/p>\n<p>En el mismo sentido se expres\u00f3 Marcelo Liparelli, secretario general del gremio de la sanidad (Atsa Rosario). \u00abEstamos en contra de cualquier tipo de represi\u00f3n y las sanciones son una manera de reprimir. Esto demuestra una vez m\u00e1s el pensamiento de este gobierno y de todo Cambiemos, que atenta contra las expresiones populares y no quiere o\u00edr el reclamo de los que menos tienen\u00bb.<\/p>\n<p>En tanto, para Sergio Ricupero, secretario gremial del Sindicato Gastron\u00f3mico Rosario, este proyecto \u00abes una barbaridad, es quitarle el derecho a la protesta de los sectores que menos tienen\u00bb.<\/p>\n<p>Por su parte, Walter Palombi, secretario general de los Trabajadores del Correo de Rosario e integrante del Movimiento Sindical Rosarino (MSR), sostuvo que \u00abes una iniciativa aberrante de un espacio pol\u00edtico al que las medidas de ajuste que implementa s\u00f3lo les cierra con represi\u00f3n. Son proyectos demagogos, que seguramente ser\u00e1n rechazados por todo el arco pol\u00edtico del Concejo Municipal. Las calles son del pueblo y no nos van a sacar de ah\u00ed hasta derrotar este modelo de exclusi\u00f3n\u00bb.<\/p>\n<p>Asimismo, Claudio Garc\u00eda, referente del sindicato de Encargados de Edificios (SuteryH), remarc\u00f3 que \u00abel proyecto es de no creer. Esto desnuda al PRO como partido antiprotesta, antitrabajo y antipueblo. Estamos en la Argentina de la censura\u00bb.<\/p>\n<p>Bajo una t\u00f3nica similar se manifest\u00f3 Juan Chulich, secretario del gremio de Camioneros de Santa Fe, quien advirti\u00f3 que \u00abla calle es la \u00fanica forma que tienen para reclamar las organizaciones sociales y los jubilados. Eso sirve para que sus reclamos se hagan eco en la sociedad, y por consecuencia en el gobierno municipal, provincial o nacional\u00bb.<\/p>\n<p>Descontento<\/p>\n<p>A su turno, Gustavo M\u00e9ndez, secretario del sindicato del Seguro de Rosario plante\u00f3 que \u00abeste proyecto afirma la forma de pensar del PRO, que busca eliminar las consecuencias sin erradicar el origen del conflicto. Lo interesante ser\u00eda que estas expresiones de descontento social no existieran, y una de las formas es dando las condiciones necesarias para que haya m\u00e1s trabajo en blanco, y eso es un resorte directo del actual gobierno nacional\u00bb.<\/p>\n<p>Antonio Donello, secretario general de la UOM Rosario, tambi\u00e9n arremeti\u00f3 contra la iniciativa. \u00abMerece todo el repudio al querer cortar derechos y sesgar la libertad de expresi\u00f3n. Cambiemos debe entender que vivimos en democracia y no en dictadura. Las movilizaciones y cortes de calle se tienen que seguir haciendo, previendo cuestiones b\u00e1sicas como permisos y respeto hacia el otro\u00bb, resalt\u00f3.<\/p>\n<p>En la misma direcci\u00f3n se mostr\u00f3 Oscar Barrionuevo, secretario general de Obras Sanitarias. \u00abEl PRO es una m\u00e1quina de generar pobres y despu\u00e9s los quiere esconder bajo la alfombra. La calle hist\u00f3ricamente es un espacio de protesta y de lucha, y as\u00ed seguir\u00e1 siendo m\u00e1s all\u00e1 de que a estos se\u00f1ores ricos no les guste\u00bb.<\/p>\n<p>En tanto, Claudia Indiviglia, secretaria del gremio de Trabajadores Estatales (Norte) fue tajante al cuestionar la iniciativa como \u00abfascista\u00bb, y solicit\u00f3 que la mayor\u00eda del cuerpo legislativo de la ciudad \u00abno acompa\u00f1e este bodrio antidemocr\u00e1tico\u00bb.<\/p>\n<h6>Fuente: La Capital<\/h6>\n","protected":false},"excerpt":{"rendered":"<p>La iniciativa prev\u00e9 multas y p\u00e9rdidas de subsidios para quienes cometan contravenciones y delitos en esas manifestaciones p\u00fablicas.<\/p>\n","protected":false},"author":2,"featured_media":87146,"comment_status":"closed","ping_status":"closed","sticky":false,"template":"","format":"standard","meta":{"footnotes":""},"categories":[4],"tags":[10],"class_list":["post-87145","post","type-post","status-publish","format-standard","has-post-thumbnail","hentry","category-informe-politico","tag-santa-fe"],"_links":{"self":[{"href":"http:\/\/argentinamunicipal.com.ar\/argentina\/wp-json\/wp\/v2\/posts\/87145","targetHints":{"allow":["GET"]}}],"collection":[{"href":"http:\/\/argentinamunicipal.com.ar\/argentina\/wp-json\/wp\/v2\/posts"}],"about":[{"href":"http:\/\/argentinamunicipal.com.ar\/argentina\/wp-json\/wp\/v2\/types\/post"}],"author":[{"embeddable":true,"href":"http:\/\/argentinamunicipal.com.ar\/argentina\/wp-json\/wp\/v2\/users\/2"}],"replies":[{"embeddable":true,"href":"http:\/\/argentinamunicipal.com.ar\/argentina\/wp-json\/wp\/v2\/comments?post=87145"}],"version-history":[{"count":0,"href":"http:\/\/argentinamunicipal.com.ar\/argentina\/wp-json\/wp\/v2\/posts\/87145\/revisions"}],"wp:featuredmedia":[{"embeddable":true,"href":"http:\/\/argentinamunicipal.com.ar\/argentina\/wp-json\/wp\/v2\/media\/87146"}],"wp:attachment":[{"href":"http:\/\/argentinamunicipal.com.ar\/argentina\/wp-json\/wp\/v2\/media?parent=87145"}],"wp:term":[{"taxonomy":"category","embeddable":true,"href":"http:\/\/argentinamunicipal.com.ar\/argentina\/wp-json\/wp\/v2\/categories?post=87145"},{"taxonomy":"post_tag","embeddable":true,"href":"http:\/\/argentinamunicipal.com.ar\/argentina\/wp-json\/wp\/v2\/tags?post=87145"}],"curies":[{"name":"wp","href":"https:\/\/api.w.org\/{rel}","templated":true}]}}