{"id":87155,"date":"2019-02-20T07:10:50","date_gmt":"2019-02-20T10:10:50","guid":{"rendered":"http:\/\/argentinamunicipal.com.ar\/argentina\/?p=87155"},"modified":"2019-02-20T07:10:50","modified_gmt":"2019-02-20T10:10:50","slug":"otra-carniceria-platense-que-cierra-por-la-crisis-es-imposible-seguir-adelante-los-gastos-me-superan","status":"publish","type":"post","link":"http:\/\/argentinamunicipal.com.ar\/argentina\/otra-carniceria-platense-que-cierra-por-la-crisis-es-imposible-seguir-adelante-los-gastos-me-superan\/","title":{"rendered":"Otra carnicer\u00eda platense que cierra por la crisis: \u201cEs imposible seguir adelante, los gastos me superan\u201d"},"content":{"rendered":"<p>Las subas en los alquileres, los tarifazos y el aumento en el precio de la carne pusieron en jaque al due\u00f1o de \u201cDon El\u00edas\u201d, quien se vio obligado a bajar la persiana con 45 a\u00f1os de experiencia en el rubro.<\/p>\n<p>Con la carne a 300 pesos, alquileres costosos y tarifas de servicios con constantes aumentos,\u00a0otra carnicer\u00eda de La Plata se vio obligada a cerrar la persiana.<\/p>\n<p>\u201cLa gente no compra, dej\u00f3 de consumir hace tiempo, m\u00e1s con estos precios elevad\u00edsimos\u201d, remarc\u00f3 en di\u00e1logo con\u00a0INFOCIELO\u00a0el due\u00f1o de\u00a0\u201cDon El\u00edas\u201d, local ubicado en\u00a0122 entre 68 y 69, en el l\u00edmite entre la capital provincial y\u00a0Berisso.<\/p>\n<p>\u201cEs imposible seguir adelante, los gastos me superan, por eso tengo que cerrar el negocio\u201d, agreg\u00f3\u00a0Andr\u00e9s, quien trabaja en el rubro desde hace 45 a\u00f1os,\u00a0y asegur\u00f3 que\u00a0en 2018 el kilo no superaba los 190 pesos.<\/p>\n<p>D\u00edas atr\u00e1s,\u00a0otras carnicer\u00edas\u00a0tambi\u00e9n pusieron de manifiesto las dificultades del sector con\u00a0carteles\u00a0en los\u00a0que anunciaban la suspensi\u00f3n de las ventas\u00a0por los costos \u00abexcesivos\u00bb de los productos.<\/p>\n<h6>Fuente: InfoCielo<\/h6>\n","protected":false},"excerpt":{"rendered":"<p>Las subas en los alquileres, los tarifazos y el aumento en el precio de la carne pusieron en jaque al due\u00f1o de \u201cDon El\u00edas\u201d, quien se vio obligado a bajar la persiana con 45 a\u00f1os de experiencia en el rubro.<\/p>\n","protected":false},"author":2,"featured_media":87156,"comment_status":"closed","ping_status":"closed","sticky":false,"template":"","format":"standard","meta":{"footnotes":""},"categories":[2],"tags":[12],"class_list":["post-87155","post","type-post","status-publish","format-standard","has-post-thumbnail","hentry","category-informe-municipal","tag-buenos-aires"],"_links":{"self":[{"href":"http:\/\/argentinamunicipal.com.ar\/argentina\/wp-json\/wp\/v2\/posts\/87155","targetHints":{"allow":["GET"]}}],"collection":[{"href":"http:\/\/argentinamunicipal.com.ar\/argentina\/wp-json\/wp\/v2\/posts"}],"about":[{"href":"http:\/\/argentinamunicipal.com.ar\/argentina\/wp-json\/wp\/v2\/types\/post"}],"author":[{"embeddable":true,"href":"http:\/\/argentinamunicipal.com.ar\/argentina\/wp-json\/wp\/v2\/users\/2"}],"replies":[{"embeddable":true,"href":"http:\/\/argentinamunicipal.com.ar\/argentina\/wp-json\/wp\/v2\/comments?post=87155"}],"version-history":[{"count":0,"href":"http:\/\/argentinamunicipal.com.ar\/argentina\/wp-json\/wp\/v2\/posts\/87155\/revisions"}],"wp:featuredmedia":[{"embeddable":true,"href":"http:\/\/argentinamunicipal.com.ar\/argentina\/wp-json\/wp\/v2\/media\/87156"}],"wp:attachment":[{"href":"http:\/\/argentinamunicipal.com.ar\/argentina\/wp-json\/wp\/v2\/media?parent=87155"}],"wp:term":[{"taxonomy":"category","embeddable":true,"href":"http:\/\/argentinamunicipal.com.ar\/argentina\/wp-json\/wp\/v2\/categories?post=87155"},{"taxonomy":"post_tag","embeddable":true,"href":"http:\/\/argentinamunicipal.com.ar\/argentina\/wp-json\/wp\/v2\/tags?post=87155"}],"curies":[{"name":"wp","href":"https:\/\/api.w.org\/{rel}","templated":true}]}}