{"id":87161,"date":"2019-02-20T07:18:09","date_gmt":"2019-02-20T10:18:09","guid":{"rendered":"http:\/\/argentinamunicipal.com.ar\/argentina\/?p=87161"},"modified":"2019-02-20T07:18:09","modified_gmt":"2019-02-20T10:18:09","slug":"cruces-entre-la-provincia-y-la-municipalidad-de-cordoba-por-naranjitas","status":"publish","type":"post","link":"http:\/\/argentinamunicipal.com.ar\/argentina\/cruces-entre-la-provincia-y-la-municipalidad-de-cordoba-por-naranjitas\/","title":{"rendered":"Cruces entre la Provincia y la Municipalidad de C\u00f3rdoba por \u201cnaranjitas\u201d"},"content":{"rendered":"<p>Muchos conductores se quejan del accionar de cuidacoches que pretenden cobrarles en las zonas en las que opera Movypark. El municipio exige que act\u00fae la Polic\u00eda, y desde el Gobierno aseguran que realizan los controles.<\/p>\n<p>El problema parece de nunca acabar: conductores que dejan sus autos estacionados en el \u00e1rea central de la ciudad \u2013en las zonas en las que opera Movypark\u2013 y, al mismo tiempo, cuidacoches que intentan que les paguen por su trabajo. Con la pol\u00e9mica instalada, en los \u00faltimos d\u00edas las peleas entre los \u201cnaranjitas\u201d y los automovilistas por el \u201cdoble cobro\u201d arreciaron.<\/p>\n<p>Desde la Provincia aseguraron a\u00a0La Voz\u00a0que se vienen realizando controles policiales en los barrios Centro y Nueva C\u00f3rdoba, incluso con personas detenidas. Mientras tanto, desde la Municipalidad volvieron a advertir sobre la necesidad de \u201caplicaci\u00f3n\u201d del C\u00f3digo de Convivencia Provincial, el que tipifica como falta y establece la detenci\u00f3n de aquellas personas que extorsionan a un tercero por el cobro del cuidado de un veh\u00edculo.<\/p>\n<p>La modalidad m\u00e1s com\u00fan que denunciaron en los \u00faltimos d\u00edas los conductores es la presi\u00f3n de los \u201cnaranjitas\u201d para que no abonen a trav\u00e9s de la aplicaci\u00f3n de Movypark C\u00f3rdoba o en los puntos de carga, ya sea por no tratarse de una zona establecida o porque aseguran que es exclusiva para los cuidacoches. Es entonces cuando se generan los problemas, ya que quienes dejan los autos sin pagar en las \u00e1reas concesionadas a la empresa son pasibles de multas, y tras cinco horas las gr\u00faas remueven los veh\u00edculos hasta el corral\u00f3n ubicado en Novillo Saravia 480.<\/p>\n<p>Christian Falchetti, de Movypark C\u00f3rdoba, explic\u00f3 que reciben a diario quejas de automovilistas que les hacen saber que en las calles concesionadas hay tambi\u00e9n cobro de \u201cnaranjitas\u201d. \u201cEn algunos casos, tapan los carteles que indican que es una zona de estacionamiento medido. Los cubren con bolsas o los esconden para que los conductores, cuando dejan el auto, no puedan ver la carteler\u00eda\u201d, explic\u00f3 Falchetti.<\/p>\n<p>\u201cEn general, quienes van al Centro ya saben que all\u00ed opera Movypark, pero constantemente recibimos llamados con advertencias y nosotros se lo hacemos saber a la Municipalidad\u201d, precis\u00f3 el directivo.<\/p>\n<p>Desde el municipio, el secretario de Servicios P\u00fablicos, Pablo Far\u00edas, indic\u00f3 que la zona \u201cest\u00e1 perfectamente delimitada\u201d. \u201cLa gente sabe d\u00f3nde est\u00e1n las calles de Movypark. Como Municipalidad, no tenemos la facultad de detener ni de privarle la libertad a nadie. Las cuadras est\u00e1n bien demarcadas y la Provincia es la que tiene una figura clara para aplicar a trav\u00e9s del C\u00f3digo de Convivencia\u201d, expres\u00f3.<\/p>\n<p>\u201cNo entiendo en estos operativos qu\u00e9 hace (la Polic\u00eda), no sabemos para qu\u00e9 son, y que generan estos embotellamientos de tr\u00e1nsito en la ciudad\u201d, se pregunt\u00f3 Far\u00edas al advertir que no se ven reflejados los resultados de los operativos en las zonas en las que trabajan \u201cnaranjitas\u201d no habilitados.<\/p>\n<p>Tambi\u00e9n adelant\u00f3 que la Municipalidad est\u00e1 estudiando nuevos sectores para que operen los cuidacoches, aunque aclar\u00f3 que ser\u00e1n destinados para nuevas cooperativas y en puntos fuera del \u00e1rea central. \u201cHay una mesa de di\u00e1logo abierta y un proyecto para que se trabaje en el Concejo Deliberante\u201d, anticip\u00f3 el secretario municipal. \u201cLa idea es que, por cooperativa, tengan hasta dos zonas\u201d, agreg\u00f3.<\/p>\n<p>Respecto de las quejas, el secretario de Seguridad provincial, Alfonso Mosquera, asegur\u00f3, en cambio, que en varios operativos en el Centro y Nueva C\u00f3rdoba se realizaron detenciones de cuidadores por peleas con conductores, e insisti\u00f3 con que los operativos \u201cest\u00e1n vigentes\u201d.<\/p>\n<p>\u201cEstamos siendo muy rigurosos y en el \u00e1rea central no hemos tenido mayores problemas, pero siempre le pedimos al conductor que sea intolerante ante abusos, extorsiones o conductas violentas. Pueden llamar al 101 y un polic\u00eda acudir\u00e1 para actuar\u201d, insisti\u00f3.<\/p>\n<p>Protestaron en Tribunales para reclamar m\u00e1s cuadras para trabajar<\/p>\n<p>Despu\u00e9s de que la Justicia resolviera que 11 cuadras de la ciudad, finalmente, quedaran bajo la \u00f3rbita de Movypark, un grupo de cuidacoches de distintas cooperativas concurri\u00f3 ayer a una audiencia para volver a reclamar por esas zonas para trabajar, adem\u00e1s de exigir la habilitaci\u00f3n de nuevos sectores para realizar sus tareas.<br \/>\nLos \u201cnaranjitas\u201d reclamaron poder realizar la vigilancia de coches en la zona de barrio G\u00fcemes, despu\u00e9s de varias semanas sin llegar a un acuerdo con los funcionarios municipales.<br \/>\n\u201cHace tres meses la Justicia nos dijo dialoguen. Y al Estado municipal le dijo que nos devuelva las calles, que arreglen el problema del servicio p\u00fablico. Nosotros no cre\u00edamos en ese di\u00e1logo y fuimos a decir que ten\u00edamos raz\u00f3n, que no nos devuelven las calles\u201d, dijo ayer Noel Quintero, dirigente de una de las cooperativas en conflicto.<br \/>\n\u201cVenimos a decirle a la Justicia que falle conforme a derecho porque para eso presentamos el amparo. El intendente Ram\u00f3n Mestre se niega a devolvernos las calles\u201d, agreg\u00f3 el dirigente.<br \/>\nDesde el municipio, se explic\u00f3 que en los \u00faltimos tres meses se trabaj\u00f3 en una mesa de di\u00e1logo con las cooperativas.<\/p>\n<h6>Fuente: La Voz<\/h6>\n","protected":false},"excerpt":{"rendered":"<p>Muchos conductores se quejan del accionar de cuidacoches que pretenden cobrarles en las zonas en las que opera Movypark. El municipio exige que act\u00fae la Polic\u00eda, y desde el Gobierno aseguran que realizan los controles.<\/p>\n","protected":false},"author":2,"featured_media":87162,"comment_status":"closed","ping_status":"closed","sticky":false,"template":"","format":"standard","meta":{"footnotes":""},"categories":[2],"tags":[3],"class_list":["post-87161","post","type-post","status-publish","format-standard","has-post-thumbnail","hentry","category-informe-municipal","tag-cordoba"],"_links":{"self":[{"href":"http:\/\/argentinamunicipal.com.ar\/argentina\/wp-json\/wp\/v2\/posts\/87161","targetHints":{"allow":["GET"]}}],"collection":[{"href":"http:\/\/argentinamunicipal.com.ar\/argentina\/wp-json\/wp\/v2\/posts"}],"about":[{"href":"http:\/\/argentinamunicipal.com.ar\/argentina\/wp-json\/wp\/v2\/types\/post"}],"author":[{"embeddable":true,"href":"http:\/\/argentinamunicipal.com.ar\/argentina\/wp-json\/wp\/v2\/users\/2"}],"replies":[{"embeddable":true,"href":"http:\/\/argentinamunicipal.com.ar\/argentina\/wp-json\/wp\/v2\/comments?post=87161"}],"version-history":[{"count":0,"href":"http:\/\/argentinamunicipal.com.ar\/argentina\/wp-json\/wp\/v2\/posts\/87161\/revisions"}],"wp:featuredmedia":[{"embeddable":true,"href":"http:\/\/argentinamunicipal.com.ar\/argentina\/wp-json\/wp\/v2\/media\/87162"}],"wp:attachment":[{"href":"http:\/\/argentinamunicipal.com.ar\/argentina\/wp-json\/wp\/v2\/media?parent=87161"}],"wp:term":[{"taxonomy":"category","embeddable":true,"href":"http:\/\/argentinamunicipal.com.ar\/argentina\/wp-json\/wp\/v2\/categories?post=87161"},{"taxonomy":"post_tag","embeddable":true,"href":"http:\/\/argentinamunicipal.com.ar\/argentina\/wp-json\/wp\/v2\/tags?post=87161"}],"curies":[{"name":"wp","href":"https:\/\/api.w.org\/{rel}","templated":true}]}}