{"id":87170,"date":"2019-02-20T06:27:01","date_gmt":"2019-02-20T09:27:01","guid":{"rendered":"http:\/\/argentinamunicipal.com.ar\/argentina\/?p=87170"},"modified":"2019-02-20T07:31:31","modified_gmt":"2019-02-20T10:31:31","slug":"ducote-llega-desgastado-a-2019-y-la-oposicion-se-entusiasma-en-pilar","status":"publish","type":"post","link":"http:\/\/argentinamunicipal.com.ar\/argentina\/ducote-llega-desgastado-a-2019-y-la-oposicion-se-entusiasma-en-pilar\/","title":{"rendered":"Ducot\u00e9 llega desgastado a 2019 y la oposici\u00f3n se entusiasma en Pilar"},"content":{"rendered":"<p>El intendente de Pilar est\u00e1 jaqueado por sus propias promesas incumplidas y por la manera en que la crisis castiga al distrito. En las \u00faltimas elecciones pudo ganarle por poco a Unidad Ciudadana y el massismo juega fuerte.<\/p>\n<p>La visita del\u00a0Jefe de Gabinete, Federico Salvai, a Pilar, para entrevistarse con\u00a0el intendente macrista Nicol\u00e1s Ducot\u00e9\u00a0era el dato que la oposici\u00f3n necesitaba para terminar de confirmar que la gesti\u00f3n municipal est\u00e1 en apuros. M\u00e1s all\u00e1 de ese encuentro, las encuestas y las \u00faltimas elecciones tambi\u00e9n hablan de lo mismo.<\/p>\n<p>\u201cEst\u00e1n preocupados ellos, se nota\u201d, dijo a INFOCIELO\u00a0Claudia Juanes, concejal del Frente Renovador.\u00a0\u201cTodav\u00eda hay mucha pobreza\u201d, advirti\u00f3.\u00a0Ducot\u00e9\u00a0ya avis\u00f3 que ir\u00e1 por otro mandato.<\/p>\n<p>El desembarco de\u00a0Salvai, adem\u00e1s, hizo crecer las dudas de aquellos que aseguran que la Comuna sufre una verdadera \u201cintervenci\u00f3n\u201d de Gobernaci\u00f3n, a trav\u00e9s de un equipo especial. \u201cM\u00e1s que nada le est\u00e1n metiendo mano en la comunicacional\u201d, coment\u00f3 a este portal un dirigente con llegada al palacio municipal.<\/p>\n<p>\u201cVino hablar de la buena gesti\u00f3n pero no est\u00e1 exenta de los problemas econ\u00f3micos, de la falta de seguridad, de la ausencia del Estado\u201d, agreg\u00f3. Juanes responde al diputado provincial\u00a0Jorge D\u2019onofrio y suena con fuerza para la candidatura del massismo.<\/p>\n<p>Juanes\u00a0alert\u00f3 sobre la ola de 700 despidos que azot\u00f3 al distrito en el \u00faltimo tiempo, con despidos en firmas importantes como la cerealera Tres Arroyos o los hipermercados\u00a0Carrefour o Jumbo.<\/p>\n<p>\u201cLa gesti\u00f3n es muy mala y es l\u00f3gico que desde la Provincia busquen formas para alivianar el descontento de la gran mayor\u00eda de los pilarenses con Ducot\u00e9\u201d, consider\u00f3, por su parte, el edil justicialista\u00a0Federico Achaval.<\/p>\n<p>Con 243.179 electores, Pilar es un distrito importante en la Primera Secci\u00f3n. En las \u00faltimas legislativas, la lista de Ducot\u00e9 estuvo muy cerca de la derrota con la de Achaval. Fue 42% a 35% la victoria del oficialismo con 8 mil votos de diferencia.<\/p>\n<p>El Concejo Deliberante est\u00e1 dominado por Cambiemos con 10 asientos. Lo siguen el Frente Pilarense para Victoria con 4 y el Frente Renovador con 3. Luego, hay siete bancadas unipersonales, lo que hace complejas las negociaciones.<\/p>\n<p>\u201cDucot\u00e9 cometi\u00f3 el error de proponer una revoluci\u00f3n, en salud, en calles a asfaltar, de jardines de infantes y no le sali\u00f3 nada\u201d, coment\u00f3 a este portal un asesor del PJ. \u201cNo puede ir a ning\u00fan lado porque le reclaman lo que no hizo\u201d, relat\u00f3.<\/p>\n<p>Ach\u00e1val\u00a0est\u00e1 lanzado de hace un buen tiempo y no esconde sus intenciones de ser el nuevo alcalde. Por ahora, tiene\u00a0muchas chances de representar la tan\u00a0 mentada unidad.<\/p>\n<p>Desde La Plata tambi\u00e9n llegan cr\u00edticas a Ducot\u00e9. \u201cDucot\u00e9 no para de da\u00f1ar la cosa p\u00fablica pilarense, podemos ver el hospital, las salas, el estado de las calles, la ausencia del Estado en la asistencia a las personas que desgraciadamente necesitan de la mano municipal para paliar la situaci\u00f3n econ\u00f3mica dur\u00edsima que estamos pasando\u201d, se\u00f1al\u00f3 la legisladora kirchnerista Luc\u00eda Portos.<\/p>\n<p>En varias ocasiones, la administraci\u00f3n de\u00a0Ducot\u00e9 qued\u00f3 al bord\u00e9 del nocaut. Fue un bochorno, por ejemplo, cuando en mayo de 2018 se descubri\u00f3 que hab\u00eda montado una escena para grabarse recorriendo supuestas zonas inundadas.<\/p>\n<p>Tambi\u00e9n el a\u00f1o, la rendici\u00f3n de cuentas fue contestada por denuncias de corrupci\u00f3n M\u00e1s ac\u00e1 en el tiempo, se habla de \u201cun escandaloso canje de tierras\u201d donde un desarrollador recibi\u00f3 un predio cerca de Panamericana a cambios de terrenos inundables.<\/p>\n<h6>Fuente: InfoCielo<\/h6>\n","protected":false},"excerpt":{"rendered":"<p>El intendente de Pilar est\u00e1 jaqueado por sus propias promesas incumplidas y por la manera en que la crisis castiga al distrito. En las \u00faltimas elecciones pudo ganarle por poco a Unidad Ciudadana y el massismo juega fuerte.<\/p>\n","protected":false},"author":2,"featured_media":87171,"comment_status":"closed","ping_status":"closed","sticky":false,"template":"","format":"standard","meta":{"footnotes":""},"categories":[4],"tags":[12],"class_list":["post-87170","post","type-post","status-publish","format-standard","has-post-thumbnail","hentry","category-informe-politico","tag-buenos-aires"],"_links":{"self":[{"href":"http:\/\/argentinamunicipal.com.ar\/argentina\/wp-json\/wp\/v2\/posts\/87170","targetHints":{"allow":["GET"]}}],"collection":[{"href":"http:\/\/argentinamunicipal.com.ar\/argentina\/wp-json\/wp\/v2\/posts"}],"about":[{"href":"http:\/\/argentinamunicipal.com.ar\/argentina\/wp-json\/wp\/v2\/types\/post"}],"author":[{"embeddable":true,"href":"http:\/\/argentinamunicipal.com.ar\/argentina\/wp-json\/wp\/v2\/users\/2"}],"replies":[{"embeddable":true,"href":"http:\/\/argentinamunicipal.com.ar\/argentina\/wp-json\/wp\/v2\/comments?post=87170"}],"version-history":[{"count":0,"href":"http:\/\/argentinamunicipal.com.ar\/argentina\/wp-json\/wp\/v2\/posts\/87170\/revisions"}],"wp:featuredmedia":[{"embeddable":true,"href":"http:\/\/argentinamunicipal.com.ar\/argentina\/wp-json\/wp\/v2\/media\/87171"}],"wp:attachment":[{"href":"http:\/\/argentinamunicipal.com.ar\/argentina\/wp-json\/wp\/v2\/media?parent=87170"}],"wp:term":[{"taxonomy":"category","embeddable":true,"href":"http:\/\/argentinamunicipal.com.ar\/argentina\/wp-json\/wp\/v2\/categories?post=87170"},{"taxonomy":"post_tag","embeddable":true,"href":"http:\/\/argentinamunicipal.com.ar\/argentina\/wp-json\/wp\/v2\/tags?post=87170"}],"curies":[{"name":"wp","href":"https:\/\/api.w.org\/{rel}","templated":true}]}}