{"id":87182,"date":"2019-02-21T06:24:45","date_gmt":"2019-02-21T09:24:45","guid":{"rendered":"http:\/\/argentinamunicipal.com.ar\/argentina\/?p=87182"},"modified":"2019-02-21T06:24:45","modified_gmt":"2019-02-21T09:24:45","slug":"no-se-salva-ni-coca-cola-su-principal-embotelladora-en-el-pais-pidio-procedimiento-preventivo-de-crisis","status":"publish","type":"post","link":"http:\/\/argentinamunicipal.com.ar\/argentina\/no-se-salva-ni-coca-cola-su-principal-embotelladora-en-el-pais-pidio-procedimiento-preventivo-de-crisis\/","title":{"rendered":"No se salva ni Coca-Cola: su principal embotelladora en el pa\u00eds pidi\u00f3 Procedimiento Preventivo de Crisis"},"content":{"rendered":"<p>Ante el derrumbe del consumo y la fuerte recesi\u00f3n, cada a\u00f1o m\u00e1s empresas recurren a esta medida.<\/p>\n<p>Coca Cola-Femsa realiz\u00f3 un pedido de Procedimiento Preventivo de Crisis\u00a0y el dato lo dio a conocer el Ministerio de Producci\u00f3n y Trabajo, al mando de Dante Sica, quiz\u00e1 el funcionario con m\u00e1s PPC recibidos de los \u00faltimos tiempos.<\/p>\n<p>Si bien la solicitud de la firma es solo para la planta Alcorta, ubicada en el barrio de Pompeya, se trata de una situaci\u00f3n grave porque ese lugar produce y distribuye gaseosas para todo el pa\u00eds y adem\u00e1s, sobre todo,\u00a0emplea a 600 trabajadores.<\/p>\n<p>\u00abCoca Cola Femsa Argentina est\u00e1 atravesando una etapa compleja debido a la desaceleraci\u00f3n del consumo, lo que la ha colocado en la necesidad de readecuar su estructura de trabajo\u00bb, se\u00f1al\u00f3 la empresa en un comunicado y, si bien no lo aclararon, trascendi\u00f3 que estar\u00eda decidido el despido de m\u00e1s del 5% de sus empleados, que abarcar\u00ed a alrededor de 30 personas.<\/p>\n<p>Durante 2018 hubo 108 pedidos de PPC, 25 m\u00e1s que en 2017 y 53 m\u00e1s que en 2016, seg\u00fan estad\u00edsticas oficiales. Todo indica que 2019 marcar\u00e1 un nuevo r\u00e9cord.<\/p>\n<p>El PPC es una t\u00e9cnica que fue creada durante el gobierno neoliberal de Carlos Menem bajo el paraguas de la nefasta Ley de Empleo. A trav\u00e9s de esos procedimientos, las empresas pueden suspender a diestra y siniestra y pagar menos indemnizaciones. Menem lo hizo.<\/p>\n<p>El caso m\u00e1s emblem\u00e1tico del a\u00f1o pasado fue el de Carrefour, que con\u00a019 mil empleados y 500 sucursales\u00a0en todo el pa\u00eds present\u00f3 un pedido de PPC que fue avalado sin m\u00e1s por la\u00a0Casa Rosada\u00a0y negociado de forma poco clara con el siempre dispuesto\u00a0Sindicato de Empleados de Comercio\u00a0que desde tiempos inmemoriales conduce con mano de hierro Armando Cavalieri.<\/p>\n<h6>Fuente: InfoNews<\/h6>\n","protected":false},"excerpt":{"rendered":"<p>Ante el derrumbe del consumo y la fuerte recesi\u00f3n, cada a\u00f1o m\u00e1s empresas recurren a esta medida.\u00a0<\/p>\n","protected":false},"author":2,"featured_media":87183,"comment_status":"closed","ping_status":"closed","sticky":false,"template":"","format":"standard","meta":{"footnotes":""},"categories":[2],"tags":[12],"class_list":["post-87182","post","type-post","status-publish","format-standard","has-post-thumbnail","hentry","category-informe-municipal","tag-buenos-aires"],"_links":{"self":[{"href":"http:\/\/argentinamunicipal.com.ar\/argentina\/wp-json\/wp\/v2\/posts\/87182","targetHints":{"allow":["GET"]}}],"collection":[{"href":"http:\/\/argentinamunicipal.com.ar\/argentina\/wp-json\/wp\/v2\/posts"}],"about":[{"href":"http:\/\/argentinamunicipal.com.ar\/argentina\/wp-json\/wp\/v2\/types\/post"}],"author":[{"embeddable":true,"href":"http:\/\/argentinamunicipal.com.ar\/argentina\/wp-json\/wp\/v2\/users\/2"}],"replies":[{"embeddable":true,"href":"http:\/\/argentinamunicipal.com.ar\/argentina\/wp-json\/wp\/v2\/comments?post=87182"}],"version-history":[{"count":0,"href":"http:\/\/argentinamunicipal.com.ar\/argentina\/wp-json\/wp\/v2\/posts\/87182\/revisions"}],"wp:featuredmedia":[{"embeddable":true,"href":"http:\/\/argentinamunicipal.com.ar\/argentina\/wp-json\/wp\/v2\/media\/87183"}],"wp:attachment":[{"href":"http:\/\/argentinamunicipal.com.ar\/argentina\/wp-json\/wp\/v2\/media?parent=87182"}],"wp:term":[{"taxonomy":"category","embeddable":true,"href":"http:\/\/argentinamunicipal.com.ar\/argentina\/wp-json\/wp\/v2\/categories?post=87182"},{"taxonomy":"post_tag","embeddable":true,"href":"http:\/\/argentinamunicipal.com.ar\/argentina\/wp-json\/wp\/v2\/tags?post=87182"}],"curies":[{"name":"wp","href":"https:\/\/api.w.org\/{rel}","templated":true}]}}