{"id":8720,"date":"2014-05-31T10:35:38","date_gmt":"2014-05-31T13:35:38","guid":{"rendered":"http:\/\/argentinamunicipal.com.ar\/argentina\/?p=8720"},"modified":"2014-05-31T10:35:38","modified_gmt":"2014-05-31T13:35:38","slug":"se-firmaron-convenios-para-obras-en-municipios-de-rio-negro-por-casi-35-millones-de-pesos","status":"publish","type":"post","link":"http:\/\/argentinamunicipal.com.ar\/argentina\/se-firmaron-convenios-para-obras-en-municipios-de-rio-negro-por-casi-35-millones-de-pesos\/","title":{"rendered":"Se firmaron convenios para obras en Municipios de R\u00edo Negro por casi 35 millones de pesos"},"content":{"rendered":"<p><a href=\"http:\/\/argentinamunicipal.com.ar\/argentina\/wp-content\/uploads\/2014\/05\/vcipo.public_html.images.2014.05.RioNegro.IMG_8649nsp-87.jpg\"><img loading=\"lazy\" decoding=\"async\" class=\"alignleft size-full wp-image-8721\" src=\"http:\/\/argentinamunicipal.com.ar\/argentina\/wp-content\/uploads\/2014\/05\/vcipo.public_html.images.2014.05.RioNegro.IMG_8649nsp-87.jpg\" alt=\"vcipo.public_html.images.2014.05.RioNegro.IMG_8649nsp-87\" width=\"470\" height=\"300\" srcset=\"http:\/\/argentinamunicipal.com.ar\/argentina\/wp-content\/uploads\/2014\/05\/vcipo.public_html.images.2014.05.RioNegro.IMG_8649nsp-87.jpg 470w, http:\/\/argentinamunicipal.com.ar\/argentina\/wp-content\/uploads\/2014\/05\/vcipo.public_html.images.2014.05.RioNegro.IMG_8649nsp-87-300x191.jpg 300w\" sizes=\"auto, (max-width: 470px) 100vw, 470px\" \/><\/a>Junto al ministro del Interior y Transporte de la Naci\u00f3n, Florencio Randazzo; y el secretario de Educaci\u00f3n, Jaime Perczyk; el gobernador Alberto Weretilneck presidi\u00f3 el acto de firma de contratos y convenios de obra p\u00fablica para distintos municipios, por un monto de inversi\u00f3n cercano a los 35 millones de pesos.<\/p>\n<p>El acto, desarrollado en el Sal\u00f3n Gris de Casa de Gobierno, participaron el presidente del Bloque de Senadores del Frente para la Victoria, Miguel Pichetto; el presidente de la Legislatura, Ariel Rivero; el secretario de Educaci\u00f3n del Ministerio de Educaci\u00f3n de la Naci\u00f3n, Jaime Perczyk; y los ministros de Educaci\u00f3n y Derechos Humanos de R\u00edo Negro, Marcelo Mango y de Obras y Servicios P\u00fablicos, Julio Arrieta.<br \/>\nSe encontraban presentes adem\u00e1s el diputado Nacional Jorge Cejas; el presidente del Bloque de Legisladores del Frente para la Victoria, Pedro Pesatti; intendentes, legisladores, ministros del Poder Ejecutivo, autoridades provinciales y municipales, invitados especiales y medios de prensa.<\/p>\n<p>En primer t\u00e9rmino, el gobernador Alberto Weretilneck firm\u00f3 los convenios para la concreci\u00f3n de obras p\u00fablicas en distintos Municipios en el marco del Plan M\u00e1s Cerca: M\u00e1s Municipio, Mejor Pa\u00eds, M\u00e1s patria, por un monto superior a los cinco millones de pesos.<\/p>\n<p>El primer contrato firmado con el intendente de Choele Choel, Daniel Belloso, para la obra de cord\u00f3n cuneta por un monto de 699.924 pesos. Luego hizo lo propio con la jefa comunal de Cinco Saltos, Liliana Alvarado, para la construcci\u00f3n de cord\u00f3n cuneta por 1.612.000 pesos.<\/p>\n<p>Similares trabajos de cord\u00f3n cuneta se realizar\u00e1n en diversos sectores de Coronel Belisle sumando un total de 4000 metros lineales por un monto de un 1.258.000. El convenio fue rubricado por el Gobernador y el intendente David Mendoza.<\/p>\n<p>El Mandatario tambi\u00e9n suscribi\u00f3 un convenio con el intendente de Fern\u00e1ndez Oro, Juan Reggioni, para la obra de cord\u00f3n cuneta en los barrios La Lucinda y los Frutales, con una inversi\u00f3n de 500.000 pesos.<\/p>\n<p>El \u00faltimo de los convenios firmados en el marco de este plan correspondi\u00f3 a la obra de iluminaci\u00f3n en el acceso y servicio de ruta en Pomona, por un total de 395.000 pesos. El mismo fue suscripto por el Mandatario y la intendenta Mar\u00eda Maldonado.<\/p>\n<h3>Nuevos edificios educativos<\/h3>\n<p>Posteriormente se procedi\u00f3 a la firma de los contratos para construir nuevos edificios educativos en distintas localidades de la provincia.<\/p>\n<p>El primero de los convenios suscriptos est\u00e1 referido a la construcci\u00f3n del Jard\u00edn N\u00ba 65 de Chichinales, por un monto de 4.199.984 pesos. El mismo fue rubricado por el intendente Alberto Pacenti y el secretario de Educaci\u00f3n de la Naci\u00f3n, Jaime Perczyk, y fue refrendado por el gobernador Alberto Weretilneck.<\/p>\n<p>Luego se firm\u00f3 el contrato para la construcci\u00f3n del Jard\u00edn N\u00b0 75 de Los Menucos con una inversi\u00f3n de 4.156.977 pesos y la Residencia de Estudiantes Secundarios dependiente del Centro de Educaci\u00f3n T\u00e9cnica N\u00ba 26 de Ingeniero Jacobacci. El mismo fue suscripto por Carlos Elizarde (por la empresa adjudicataria de la obra); el intendente de Ingeniero Jacobacci, Mario del Carpio y el secretario de Educaci\u00f3n, Jaime Perczyk.<\/p>\n<p>Asimismo, el Gobernador firm\u00f3 el decreto de autorizaci\u00f3n para la construcci\u00f3n del nuevo edificio para el Centro de Educaci\u00f3n T\u00e9cnica N\u00ba 26.<\/p>\n<p>Finalmente se firm\u00f3 el contrato para la construcci\u00f3n del edificio de un nuevo jard\u00edn de infantes a crear en Fern\u00e1ndez Oro en el que se invertir\u00e1 la suma de 4.281.232, por parte del intendente Juan Reggioni y Jaime Perczyk, refrendando el mismo el gobernador, Alberto Weretilneck.<\/p>\n<h6>Fuente: El Cordillerano<\/h6>\n","protected":false},"excerpt":{"rendered":"<p>Junto al ministro del Interior y Transporte de la Naci\u00f3n, Florencio Randazzo; y el secretario de Educaci\u00f3n, Jaime Perczyk; el gobernador Alberto Weretilneck presidi\u00f3 el acto de firma de contratos y convenios de obra p\u00fablica para distintos municipios, por un monto de inversi\u00f3n cercano a los 35 millones de pesos. El acto, desarrollado en el<\/p>\n","protected":false},"author":2,"featured_media":8721,"comment_status":"closed","ping_status":"closed","sticky":false,"template":"","format":"standard","meta":{"footnotes":""},"categories":[2],"tags":[11],"class_list":["post-8720","post","type-post","status-publish","format-standard","has-post-thumbnail","hentry","category-informe-municipal","tag-rio-negro"],"_links":{"self":[{"href":"http:\/\/argentinamunicipal.com.ar\/argentina\/wp-json\/wp\/v2\/posts\/8720","targetHints":{"allow":["GET"]}}],"collection":[{"href":"http:\/\/argentinamunicipal.com.ar\/argentina\/wp-json\/wp\/v2\/posts"}],"about":[{"href":"http:\/\/argentinamunicipal.com.ar\/argentina\/wp-json\/wp\/v2\/types\/post"}],"author":[{"embeddable":true,"href":"http:\/\/argentinamunicipal.com.ar\/argentina\/wp-json\/wp\/v2\/users\/2"}],"replies":[{"embeddable":true,"href":"http:\/\/argentinamunicipal.com.ar\/argentina\/wp-json\/wp\/v2\/comments?post=8720"}],"version-history":[{"count":0,"href":"http:\/\/argentinamunicipal.com.ar\/argentina\/wp-json\/wp\/v2\/posts\/8720\/revisions"}],"wp:featuredmedia":[{"embeddable":true,"href":"http:\/\/argentinamunicipal.com.ar\/argentina\/wp-json\/wp\/v2\/media\/8721"}],"wp:attachment":[{"href":"http:\/\/argentinamunicipal.com.ar\/argentina\/wp-json\/wp\/v2\/media?parent=8720"}],"wp:term":[{"taxonomy":"category","embeddable":true,"href":"http:\/\/argentinamunicipal.com.ar\/argentina\/wp-json\/wp\/v2\/categories?post=8720"},{"taxonomy":"post_tag","embeddable":true,"href":"http:\/\/argentinamunicipal.com.ar\/argentina\/wp-json\/wp\/v2\/tags?post=8720"}],"curies":[{"name":"wp","href":"https:\/\/api.w.org\/{rel}","templated":true}]}}