{"id":87203,"date":"2019-02-21T06:57:53","date_gmt":"2019-02-21T09:57:53","guid":{"rendered":"http:\/\/argentinamunicipal.com.ar\/argentina\/?p=87203"},"modified":"2019-02-21T06:57:53","modified_gmt":"2019-02-21T09:57:53","slug":"revelan-que-el-30-de-la-poblacion-del-conurbano-recibe-asistencia-del-estado","status":"publish","type":"post","link":"http:\/\/argentinamunicipal.com.ar\/argentina\/revelan-que-el-30-de-la-poblacion-del-conurbano-recibe-asistencia-del-estado\/","title":{"rendered":"Revelan que el 30% de la poblaci\u00f3n del Conurbano recibe asistencia del Estado"},"content":{"rendered":"<p>Seg\u00fan el \u00cdndice de Estabilidad Social, en febrero se registr\u00f3 un incremento del 10% de las personas que perciben ayuda por parte de la administraci\u00f3n tanto provincial como nacional.<br \/>\nLa consultora Reyes-Filadoro junto a Numeral 8 elabor\u00f3 un nuevo estudio del \u00cdndice de Estabilidad Social (IES) en el conurbano bonaerense durante febrero en el marco de la crisis econ\u00f3mica que atraviesa al pa\u00eds. De este modo, dio a conocer que el 30% de la poblaci\u00f3n de la zona m\u00e1s candente del territorio bonaerense recibe asistencia del Estado tanto provincial como nacional.<\/p>\n<p>El informe observ\u00f3 el\u00a0\u00abimpacto negativo\u201d que genera la crisis econ\u00f3mica en la imagen del presidente, Mauricio Macri, y de la gobernadora, Mar\u00eda Eugenia Vidal.\u00a0En ese aspecto,\u00a0la gesti\u00f3n del primero es evaluada negativamente por el 82% de la poblaci\u00f3n en el conurbano, mientras que el 72% eval\u00faa de ese modo a lo hecho por la mandataria. Comparado con noviembre, la apreciaci\u00f3n del jefe de Estado empeor\u00f3 6 puntos y la de la evaluaci\u00f3n de la conductora provincial unos 7 puntos.<\/p>\n<p>A su vez, la encuesta revel\u00f3 un \u201calto nivel de vulnerabilidad de la poblaci\u00f3n que se refleja en un mayor temor a perder el empleo (creci\u00f3 6 puntos) y en la necesidad de realizar trabajos extras para llegar a fin de mes (creci\u00f3 5 puntos)\u201d.<\/p>\n<p>Asimismo,\u00a0resalt\u00f3 que \u201clos m\u00e1s golpeados por la crisis son quienes tienen entre 30 y 49 a\u00f1os y tienen menor nivel educativo\u201d. El porcentaje de personas en este rango etario que reporta una situaci\u00f3n econ\u00f3mica negativa en su hogar alcanza al 81%, casi 20 puntos por encima del promedio. En este grupo, que representa a la poblaci\u00f3n econ\u00f3micamente activa,\u00a0nueve de cada diez (92%) tienen miedo de perder su fuente de ingreso.<\/p>\n<p>Tambi\u00e9n, dio a conocer que \u201cs\u00f3lo el 15% de la poblaci\u00f3n del conurbano se manifiesta entusiasmada o conforme con la situaci\u00f3n actual mientras que el 81% expresa bronca o frustraci\u00f3n\u201d. Adem\u00e1s, el 74% de los consultados considera que la situaci\u00f3n econ\u00f3mica ser\u00e1 \u201cmala\u201d o \u201cmuy mala\u201d en el pr\u00f3ximo a\u00f1o.<\/p>\n<p>Sin embargo,\u00a0el 48% de los bonaerenses entrevistados afirma estar satisfecho con su vida. Un dato no menor es que el aumento de la asistencia directa del Estado a los sectores m\u00e1s vulnerables a fin de a\u00f1o ayud\u00f3 a contener una escalada del descontento social. De hecho,\u00a0en febrero hubo un aumento de 10 puntos en el porcentaje de personas que recibe ayuda del Estado que alcanza al 30% de la poblaci\u00f3n en el conurbano bonaerense.<\/p>\n<h6>Fuente: InfoCielo<\/h6>\n","protected":false},"excerpt":{"rendered":"<p>Seg\u00fan el \u00cdndice de Estabilidad Social, en febrero se registr\u00f3 un incremento del 10% de las personas que perciben ayuda por parte de la administraci\u00f3n tanto provincial como nacional.<\/p>\n","protected":false},"author":2,"featured_media":87204,"comment_status":"closed","ping_status":"closed","sticky":false,"template":"","format":"standard","meta":{"footnotes":""},"categories":[2],"tags":[12],"class_list":["post-87203","post","type-post","status-publish","format-standard","has-post-thumbnail","hentry","category-informe-municipal","tag-buenos-aires"],"_links":{"self":[{"href":"http:\/\/argentinamunicipal.com.ar\/argentina\/wp-json\/wp\/v2\/posts\/87203","targetHints":{"allow":["GET"]}}],"collection":[{"href":"http:\/\/argentinamunicipal.com.ar\/argentina\/wp-json\/wp\/v2\/posts"}],"about":[{"href":"http:\/\/argentinamunicipal.com.ar\/argentina\/wp-json\/wp\/v2\/types\/post"}],"author":[{"embeddable":true,"href":"http:\/\/argentinamunicipal.com.ar\/argentina\/wp-json\/wp\/v2\/users\/2"}],"replies":[{"embeddable":true,"href":"http:\/\/argentinamunicipal.com.ar\/argentina\/wp-json\/wp\/v2\/comments?post=87203"}],"version-history":[{"count":0,"href":"http:\/\/argentinamunicipal.com.ar\/argentina\/wp-json\/wp\/v2\/posts\/87203\/revisions"}],"wp:featuredmedia":[{"embeddable":true,"href":"http:\/\/argentinamunicipal.com.ar\/argentina\/wp-json\/wp\/v2\/media\/87204"}],"wp:attachment":[{"href":"http:\/\/argentinamunicipal.com.ar\/argentina\/wp-json\/wp\/v2\/media?parent=87203"}],"wp:term":[{"taxonomy":"category","embeddable":true,"href":"http:\/\/argentinamunicipal.com.ar\/argentina\/wp-json\/wp\/v2\/categories?post=87203"},{"taxonomy":"post_tag","embeddable":true,"href":"http:\/\/argentinamunicipal.com.ar\/argentina\/wp-json\/wp\/v2\/tags?post=87203"}],"curies":[{"name":"wp","href":"https:\/\/api.w.org\/{rel}","templated":true}]}}