{"id":87206,"date":"2019-02-21T07:02:16","date_gmt":"2019-02-21T10:02:16","guid":{"rendered":"http:\/\/argentinamunicipal.com.ar\/argentina\/?p=87206"},"modified":"2019-02-21T07:02:16","modified_gmt":"2019-02-21T10:02:16","slug":"carcarana-ruta-en-mal-estado-peaje-que-se-cierra","status":"publish","type":"post","link":"http:\/\/argentinamunicipal.com.ar\/argentina\/carcarana-ruta-en-mal-estado-peaje-que-se-cierra\/","title":{"rendered":"Carcara\u00f1\u00e1: Ruta en mal estado, peaje que se cierra"},"content":{"rendered":"<p>La autopista Rosario-C\u00f3rdoba, bajo jurisdicci\u00f3n de la Naci\u00f3n, se encuentra en tan mal estado que la intendenta de Carcara\u00f1\u00e1 dispuso que los usuarios no pagar\u00e1n peaje en su jurisdicci\u00f3n mientras no se solucione el problema.<\/p>\n<p>La intendenta del municipio de Carcara\u00f1\u00e1 \u2013jurisdicci\u00f3n sobre la que se encuentra una estaci\u00f3n de peaje en la autopista Rosario-C\u00f3rdoba\u2013 clausur\u00f3 ayer las cabinas de la concesionaria luego de una virulenta pol\u00e9mica de los usuarios de la ruta nacional con la concesionaria, que se negaban a pagar el peaje por el deplorable estado de la cinta asf\u00e1ltica. Si bien la funcionaria, Ver\u00f3nica Shuager, explic\u00f3 que la clausura se debe a la falta de habilitaci\u00f3n de las cabinas de la empresa concesionaria, quien se hizo cargo en agosto pasado, se\u00f1al\u00f3 que la firma es \u201cla principal responsable de esta situaci\u00f3n al igual que Vialidad Nacional, que es quien debe hacerle cumplir sus obligaciones a la concesionaria\u201d. La deuda por el Derecho de Registro de Inspecci\u00f3n ascender\u00eda al mill\u00f3n y medio de pesos.<\/p>\n<p>Schuager detall\u00f3 que \u201ca la empresa le informamos en varias ocasiones en sus oficinas, incluso con telegramas y cartas documento, sobre la deuda de habilitaci\u00f3n que lleva la concesionaria desde agosto pasado cuando tom\u00f3 posesi\u00f3n, y nunca tuvimos respuesta\u201d.<\/p>\n<p>La resoluci\u00f3n de la intendenta se registr\u00f3 luego de que gran cantidad de usuarios subieran a las redes sociales en los \u00faltimos d\u00edas videos donde mostraban c\u00f3mo llegaban al peaje y se negaban a pagar la tarifa debido al p\u00e9simo estado de la traza. \u201cM\u00e1s all\u00e1 de las excusas de la concesionaria, los usuarios padecen el problema de c\u00f3mo est\u00e1 la ruta y necesitan respuestas\u201d.<\/p>\n<p>Hace ya varias semanas los reclamos de los usuarios se hicieron escuchar y los videos comenzaron a aparecer en las redes mostrando el enojo de los automovilistas por el p\u00e9simo estado del pavimento y la gran cantidad de baches y pozos, lo que dificulta y pone en peligro la seguridad de los automovilistas.<\/p>\n<p>A principio de este mes, incluso, la Defensor\u00eda del Pueblo de la Provincia solicit\u00f3 a las autoridades de Vialidad Nacional y a los encargados de la empresa Corredor Panamericano II que tomen medidas para garantizar la seguridad vial en ese corredor, fundamentalmente en el tramo entre Carcara\u00f1\u00e1 y Rold\u00e1n. Sin embargo, los inconvenientes van mucho m\u00e1s all\u00e1 de ese tramo.<\/p>\n<p>Ayer en tanto, Leandro Bond, titular del gremio de los trabajadores de peajes (Sutracovi), asegur\u00f3 que se le pidi\u00f3 \u201ca los trabajadores no confrontar con los usuarios porque en el tema de la ruta tienen raz\u00f3n los automovilistas\u201d, y a\u00f1adi\u00f3: \u201cDesde la concesionaria nos dicen que est\u00e1n esperando los avales de Vialidad Nacional. Pero los usuarios tienen que padecer ahora el problema de c\u00f3mo est\u00e1 la ruta y necesitan respuestas\u201d.<\/p>\n<p>Por su parte el representante de la concesionaria Corredor Panamericano II S.A Juan Manuel Alvarez desconoci\u00f3 en di\u00e1logo con la prensa sobre si la situaci\u00f3n planteada por la intendenta de Carcara\u00f1\u00e1 es tal: \u201cNos dicen que necesitan tener la habilitaci\u00f3n, y los del departamento de legales est\u00e1n buscando corroborar que esto es cierto, estamos esperando si nos dice si corresponde o no a nosotros pagar las multas que hacen falta, porque tenemos entendido que existe una deuda del anterior concesionario. Pero si nos corresponde, haremos el tr\u00e1mite administrativo de la habilitaci\u00f3n para pagar lo que se debe y levantar la clausura\u201d.<\/p>\n<p>Alvarez record\u00f3 que el 1\u00ba de agosto se tom\u00f3 la concesi\u00f3n que estaba en obras en un tramo de la autopista, \u201cesos tramos los ten\u00edan que terminar en octubre y no lo hicieron ellos. Para terminar esa obra hicimos el tr\u00e1mite administrativo en Vialidad Nacional, que a\u00fan no nos autoriza para continuarla nosotros. Esa obra la ten\u00edan que hacer ellos, pero no podemos avanzar en mejorar la traza si Vialidad no la autoriza\u201d.<\/p>\n<p>Seg\u00fan asegur\u00f3, Vialidad Nacional tiene la responsabilidad de obligar a la empresa a cumplir con dicha habilitaci\u00f3n, a la vez que remarc\u00f3 que \u201clo que se busca es la regularizaci\u00f3n de esta situaci\u00f3n, por la seguridad de los usuarios as\u00ed como tambi\u00e9n de los mismos empleados del peaje, que nos manifestaron con la clausura que temen por sus fuentes de trabajo\u201d.<\/p>\n<h6>Fuente: P\u00e1gina 12<\/h6>\n","protected":false},"excerpt":{"rendered":"<p>La autopista Rosario-C\u00f3rdoba, bajo jurisdicci\u00f3n de la Naci\u00f3n, se encuentra en tan mal estado que la intendenta de Carcara\u00f1\u00e1 dispuso que los usuarios no pagar\u00e1n peaje en su jurisdicci\u00f3n mientras no se solucione el problema.<\/p>\n","protected":false},"author":2,"featured_media":87207,"comment_status":"closed","ping_status":"closed","sticky":false,"template":"","format":"standard","meta":{"footnotes":""},"categories":[2],"tags":[10],"class_list":["post-87206","post","type-post","status-publish","format-standard","has-post-thumbnail","hentry","category-informe-municipal","tag-santa-fe"],"_links":{"self":[{"href":"http:\/\/argentinamunicipal.com.ar\/argentina\/wp-json\/wp\/v2\/posts\/87206","targetHints":{"allow":["GET"]}}],"collection":[{"href":"http:\/\/argentinamunicipal.com.ar\/argentina\/wp-json\/wp\/v2\/posts"}],"about":[{"href":"http:\/\/argentinamunicipal.com.ar\/argentina\/wp-json\/wp\/v2\/types\/post"}],"author":[{"embeddable":true,"href":"http:\/\/argentinamunicipal.com.ar\/argentina\/wp-json\/wp\/v2\/users\/2"}],"replies":[{"embeddable":true,"href":"http:\/\/argentinamunicipal.com.ar\/argentina\/wp-json\/wp\/v2\/comments?post=87206"}],"version-history":[{"count":0,"href":"http:\/\/argentinamunicipal.com.ar\/argentina\/wp-json\/wp\/v2\/posts\/87206\/revisions"}],"wp:featuredmedia":[{"embeddable":true,"href":"http:\/\/argentinamunicipal.com.ar\/argentina\/wp-json\/wp\/v2\/media\/87207"}],"wp:attachment":[{"href":"http:\/\/argentinamunicipal.com.ar\/argentina\/wp-json\/wp\/v2\/media?parent=87206"}],"wp:term":[{"taxonomy":"category","embeddable":true,"href":"http:\/\/argentinamunicipal.com.ar\/argentina\/wp-json\/wp\/v2\/categories?post=87206"},{"taxonomy":"post_tag","embeddable":true,"href":"http:\/\/argentinamunicipal.com.ar\/argentina\/wp-json\/wp\/v2\/tags?post=87206"}],"curies":[{"name":"wp","href":"https:\/\/api.w.org\/{rel}","templated":true}]}}