{"id":87209,"date":"2019-02-21T07:04:10","date_gmt":"2019-02-21T10:04:10","guid":{"rendered":"http:\/\/argentinamunicipal.com.ar\/argentina\/?p=87209"},"modified":"2019-02-21T07:04:10","modified_gmt":"2019-02-21T10:04:10","slug":"lifschitz-calcula-80-mil-millones","status":"publish","type":"post","link":"http:\/\/argentinamunicipal.com.ar\/argentina\/lifschitz-calcula-80-mil-millones\/","title":{"rendered":"Lifschitz calcula 80 mil millones"},"content":{"rendered":"<p>El gobernador Miguel Lifschitz dijo tener expectativas de que en las pr\u00f3ximas semanas la Corte Suprema emita un fallo favorable a Santa Fe, para que el Estado nacional salde su deuda por retenci\u00f3n de fondos coparticipables y advirti\u00f3 que, seg\u00fan c\u00e1lculos de la provincia, la Naci\u00f3n adeuda unos 80.000 millones de pesos.<\/p>\n<p>\u201cLa Corte ya sent\u00f3 jurisprudencia en este tema en 2015 cuando le dio la raz\u00f3n a las provincias que hab\u00edamos reclamado; estimamos que en las pr\u00f3ximas semanas habr\u00e1 un fallo similar para Santa Fe\u201d, augur\u00f3 Lifschitz.<\/p>\n<p>Tal como informara El Litoral, el m\u00e1ximo tribunal del pa\u00eds conden\u00f3 al Estado nacional a pagar alrededor de 15.000 millones de pesos a la provincia de San Luis en concepto de retenciones por coparticipaci\u00f3n. Adem\u00e1s, declar\u00f3 inconstitucional un decreto del Poder Ejecutivo que autorizaba al Estado a detraer unilateralmente un porcentaje de los fondos coparticipables que correspond\u00edan a la provincia.<\/p>\n<p>La sentencia es correlativa de la dictada el 24 de noviembre de 2015, cuando la Corte consider\u00f3 inconstitucional la detracci\u00f3n de impuestos a las provincias para financiar a las administraciones nacionales de Seguridad Social (Anses) e Ingresos P\u00fablicos (Afip).<\/p>\n<p>Lifschitz explic\u00f3 que, a diferencia de San Luis, que despu\u00e9s del fallo de 2015 pidi\u00f3 al m\u00e1ximo tribunal que estableciera el monto de la deuda actualizado, Santa Fe intent\u00f3 una \u201cnegociaci\u00f3n con el gobierno\u201d que \u201cno prosper\u00f3\u201d.<\/p>\n<p>\u201cNosotros preferimos primero intentar una negociaci\u00f3n con el gobierno que no lleg\u00f3 a buen puerto y que confirm\u00f3 lo que algunos pensaban que es que el gobierno no ten\u00eda intenci\u00f3n de saldar esa deuda\u201d, declar\u00f3 Lifschitz, quien elogi\u00f3 la \u201cbuena predisposici\u00f3n\u201d del ministro del Interior, Rogelio Frigerio.<\/p>\n<p>Seg\u00fan el mandatario, la deuda alcanzar\u00eda un monto de unos 80.000 millones de pesos, pero Lifschitz acept\u00f3 que \u201cpodr\u00eda ser menos\u201d el criterio de actualizaci\u00f3n que aplique la Corte Suprema.<\/p>\n<h6>Fuente: El Litoral<\/h6>\n","protected":false},"excerpt":{"rendered":"<p>El gobernador Miguel Lifschitz dijo tener expectativas de que en las pr\u00f3ximas semanas la Corte Suprema emita un fallo favorable a Santa Fe, para que el Estado nacional salde su deuda por retenci\u00f3n de fondos coparticipables<\/p>\n","protected":false},"author":2,"featured_media":87210,"comment_status":"closed","ping_status":"closed","sticky":false,"template":"","format":"standard","meta":{"footnotes":""},"categories":[65],"tags":[10],"class_list":["post-87209","post","type-post","status-publish","format-standard","has-post-thumbnail","hentry","category-provincias","tag-santa-fe"],"_links":{"self":[{"href":"http:\/\/argentinamunicipal.com.ar\/argentina\/wp-json\/wp\/v2\/posts\/87209","targetHints":{"allow":["GET"]}}],"collection":[{"href":"http:\/\/argentinamunicipal.com.ar\/argentina\/wp-json\/wp\/v2\/posts"}],"about":[{"href":"http:\/\/argentinamunicipal.com.ar\/argentina\/wp-json\/wp\/v2\/types\/post"}],"author":[{"embeddable":true,"href":"http:\/\/argentinamunicipal.com.ar\/argentina\/wp-json\/wp\/v2\/users\/2"}],"replies":[{"embeddable":true,"href":"http:\/\/argentinamunicipal.com.ar\/argentina\/wp-json\/wp\/v2\/comments?post=87209"}],"version-history":[{"count":0,"href":"http:\/\/argentinamunicipal.com.ar\/argentina\/wp-json\/wp\/v2\/posts\/87209\/revisions"}],"wp:featuredmedia":[{"embeddable":true,"href":"http:\/\/argentinamunicipal.com.ar\/argentina\/wp-json\/wp\/v2\/media\/87210"}],"wp:attachment":[{"href":"http:\/\/argentinamunicipal.com.ar\/argentina\/wp-json\/wp\/v2\/media?parent=87209"}],"wp:term":[{"taxonomy":"category","embeddable":true,"href":"http:\/\/argentinamunicipal.com.ar\/argentina\/wp-json\/wp\/v2\/categories?post=87209"},{"taxonomy":"post_tag","embeddable":true,"href":"http:\/\/argentinamunicipal.com.ar\/argentina\/wp-json\/wp\/v2\/tags?post=87209"}],"curies":[{"name":"wp","href":"https:\/\/api.w.org\/{rel}","templated":true}]}}