{"id":87215,"date":"2019-02-21T06:08:08","date_gmt":"2019-02-21T09:08:08","guid":{"rendered":"http:\/\/argentinamunicipal.com.ar\/argentina\/?p=87215"},"modified":"2019-02-21T07:10:51","modified_gmt":"2019-02-21T10:10:51","slug":"fein-ser-intendente-de-rosario-significa-poner-la-cara-y-hay-que-estar-preparado","status":"publish","type":"post","link":"http:\/\/argentinamunicipal.com.ar\/argentina\/fein-ser-intendente-de-rosario-significa-poner-la-cara-y-hay-que-estar-preparado\/","title":{"rendered":"Fein: \u201cSer intendente de Rosario significa poner la cara y hay que estar preparado\u201d"},"content":{"rendered":"<p>La intendenta se refiri\u00f3 de esta manera a la precandidatura de Roy L\u00f3pez Molina para la intendencia por Cambiemos. Sobre su futuro dijo que estar\u00e1 \u201cdonde crea que aporte para defender a Rosario\u201d.<br \/>\n\u201cSer intendente significa siempre poner la cara y hay que estar preparado para hacerlo\u201d. De esta manera, la intendenta\u00a0M\u00f3nica Fein\u00a0se refiri\u00f3 esta ma\u00f1ana a la postulaci\u00f3n del edil Roy L\u00f3pez Molina como precandidato a intendente por Cambiemos.<\/p>\n<p>Elecciones<br \/>\nPara la intendenta, la de este a\u00f1o \u201cva a ser una elecci\u00f3n muy importante para Rosario\u201c. Y que \u201clos rosarinos y rosarinas tienen que pensar muy bien qui\u00e9n va a llevar adelante esta ciudad maravillosa\u201c. Porque a su entender \u201cno la puede llevar adelante cualquiera, debe tener pasi\u00f3n y siempre dar la cara\u201d.<\/p>\n<p>En este marco, la intendenta fue consultada por la precandidatura de Roy L\u00f3pez Molina para el Palacio de los Leones. Al respecto, contest\u00f3: \u201cCada partido puede llevar al candidato que quiera. S\u00ed quiero decir que ser intendente significa siempre poner la cara. Nunca ser intendente de una ciudad significa sopesar qu\u00e9 me conviene, hay que poner la cara, ir al frente, dialogar y saber que conflictos hay\u201c.<\/p>\n<p>Candidata<br \/>\nLa intendenta hizo estas declaraciones en el lanzamiento de la tercera etapa del programa Precios Justos, que alcanza a 72 productos y 76 almacenes. La actividad se realiz\u00f3 en un comercio ubicado en Juan Manuel de Rosas al 3200. Cont\u00f3 con la presencia de Juan Milito, titular del Centro Uni\u00f3n Almaceneros de la ciudad.<\/p>\n<p>Consultada sobre si ser\u00e1 candidata en las pr\u00f3ximas elecciones, Fein record\u00f3 que hay tiempo hasta el viernes para definir las listas. Pero que va a estar \u201cdonde crea que aporte para defender a Rosario, que se merece mucho m\u00e1s y defenderla a nivel provincial y nacional\u201c.<\/p>\n<p>Fein tambi\u00e9n celebr\u00f3 que la periodista Susana Rueda sera quien encabece la lista de precandidatos a concejales por el Frente Progresista.<\/p>\n<p>\u201cEs un gusto que una persona que viene de otro lugar, del periodismo, se sume a construir una ciudad mejor. El Frente Progresista tiene muy buenos candidatos y candidatas. Y por supuesto esperamos seguir gobernando la ciudad\u201c, cerr\u00f3 la intendenta.<\/p>\n<h6>Fuente: Sin Mordaza<\/h6>\n","protected":false},"excerpt":{"rendered":"<p>La intendenta se refiri\u00f3 de esta manera a la precandidatura de Roy L\u00f3pez Molina para la intendencia por Cambiemos. Sobre su futuro dijo que estar\u00e1 \u201cdonde crea que aporte para defender a Rosario\u201d.<\/p>\n","protected":false},"author":2,"featured_media":87216,"comment_status":"closed","ping_status":"closed","sticky":false,"template":"","format":"standard","meta":{"footnotes":""},"categories":[4],"tags":[10],"class_list":["post-87215","post","type-post","status-publish","format-standard","has-post-thumbnail","hentry","category-informe-politico","tag-santa-fe"],"_links":{"self":[{"href":"http:\/\/argentinamunicipal.com.ar\/argentina\/wp-json\/wp\/v2\/posts\/87215","targetHints":{"allow":["GET"]}}],"collection":[{"href":"http:\/\/argentinamunicipal.com.ar\/argentina\/wp-json\/wp\/v2\/posts"}],"about":[{"href":"http:\/\/argentinamunicipal.com.ar\/argentina\/wp-json\/wp\/v2\/types\/post"}],"author":[{"embeddable":true,"href":"http:\/\/argentinamunicipal.com.ar\/argentina\/wp-json\/wp\/v2\/users\/2"}],"replies":[{"embeddable":true,"href":"http:\/\/argentinamunicipal.com.ar\/argentina\/wp-json\/wp\/v2\/comments?post=87215"}],"version-history":[{"count":0,"href":"http:\/\/argentinamunicipal.com.ar\/argentina\/wp-json\/wp\/v2\/posts\/87215\/revisions"}],"wp:featuredmedia":[{"embeddable":true,"href":"http:\/\/argentinamunicipal.com.ar\/argentina\/wp-json\/wp\/v2\/media\/87216"}],"wp:attachment":[{"href":"http:\/\/argentinamunicipal.com.ar\/argentina\/wp-json\/wp\/v2\/media?parent=87215"}],"wp:term":[{"taxonomy":"category","embeddable":true,"href":"http:\/\/argentinamunicipal.com.ar\/argentina\/wp-json\/wp\/v2\/categories?post=87215"},{"taxonomy":"post_tag","embeddable":true,"href":"http:\/\/argentinamunicipal.com.ar\/argentina\/wp-json\/wp\/v2\/tags?post=87215"}],"curies":[{"name":"wp","href":"https:\/\/api.w.org\/{rel}","templated":true}]}}