{"id":87218,"date":"2019-02-21T07:13:50","date_gmt":"2019-02-21T10:13:50","guid":{"rendered":"http:\/\/argentinamunicipal.com.ar\/argentina\/?p=87218"},"modified":"2019-02-21T07:13:50","modified_gmt":"2019-02-21T10:13:50","slug":"reclamo-en-embalse-piden-la-urgente-reactivacion-del-complejo-hotelero","status":"publish","type":"post","link":"http:\/\/argentinamunicipal.com.ar\/argentina\/reclamo-en-embalse-piden-la-urgente-reactivacion-del-complejo-hotelero\/","title":{"rendered":"Reclamo en Embalse: piden la urgente reactivaci\u00f3n del complejo hotelero"},"content":{"rendered":"<p>Ayer, trabajadores de la UTE junto al intendente Alesandri hicieron entrega de un petitorio en el que solicitan la puesta en valor del predio y la reactivaci\u00f3n de las plazas. \u201cQueremos que la Naci\u00f3n nos d\u00e9 respuestas\u201d, dijeron<br \/>\nLos trabajadores de la Unidad Tur\u00edstica de Embalse se manifestaron ayer en reclamo de fuentes laborales, y acompa\u00f1ados por el intendente Federico Alesandri hicieron entrega a las autoridades administrativas del complejo de un petitorio en el que vuelven a solicitar la reactivaci\u00f3n de los hoteles, y por ende la generaci\u00f3n de empleos y la puesta en valor de\u00a0 este predio.<\/p>\n<p>En plena temporada tur\u00edstica, este gigantesco complejo permanece con escasa actividad y de m\u00e1s de 3.000 plazas que posee s\u00f3lo 1.100 est\u00e1n disponibles, y de \u00e9stas \u00fanicamente menos de un centenar ocupadas. Ello impacta directamente en los puestos laborales que, en la actualidad se reducen a s\u00f3lo unas 3 personas trabajando, cuando en a\u00f1os anteriores superaba los 300.<\/p>\n<p>Ayer un nutrido grupo de vecinos, trabajadores gastron\u00f3micos y familiares marcharon hasta las puertas de la sede administrativa de la UTE. Acompa\u00f1ados por el intendente hicieron entrega de un escrito que, entre otras cosas, se\u00f1ala: \u201cLos trabajadores embalse\u00f1os decimos no al desfinanciamiento que hoy lleva adelante el gobierno nacional con esta UTE, porque nunca en la historia fueron tan bajos los resultados de los programas de turismo social\u201d.<\/p>\n<p>Asimismo, agregan: \u201cLos recursos que est\u00e1n en el presupuesto nacional para turismo social no llegan, y Embalse y el valle de Calamuchita pierden de $ 8 a 10 millones mensuales en su econom\u00eda\u201d.<\/p>\n<p>Cabe recordar que de los 7 hoteles, s\u00f3lo tres est\u00e1n en funcionamiento, y dos se reparten un pu\u00f1ado de menos de 100 turistas hoy albergados en sus instalaciones.<\/p>\n<p>Walter Ram\u00edrez, secretario gremial de los gastron\u00f3micos, en di\u00e1logo con Puntal, y tras finalizar la movilizaci\u00f3n de ayer, dijo: \u201cLos reclamos que elevamos son los mismos que elevamos la vez anterior, hace 3 a\u00f1os, y no se ha cumplido en nada\u201d.<\/p>\n<p>\u201cNos recibieron los administradores locales, pero ellos no tienen muchas respuestas, salvo que van a elevar a Buenos Aires. Lo que pedimos es que venga el secretario de Turismo de la Naci\u00f3n o alg\u00fan referente de esa \u00e1rea pero de jerarqu\u00eda. Necesitamos que vengan con soluciones y sepan responder a nuestros reclamos\u201d, destac\u00f3.<\/p>\n<p>Sobre la actualidad de la UTE reiter\u00f3 que de las 3.000 plazas, el deterioro se llev\u00f3 m\u00e1s de la mitad. S\u00f3lo quedan 1.100 en condiciones. \u201cHoy tenemos ocupadas menos de 100\u201d, puntualiz\u00f3 Ram\u00edrez.<\/p>\n<p>\u201cNosotros acercamos una propuesta que consiste en que esas 1.100 plazas que existen, la Naci\u00f3n las libere y permita al intendente junto a su \u00e1rea de Turismo para que las pueda ofrecer a la gente que quiere venir a Embalse. Por plaza se cobra s\u00f3lo 435 pesos, con desayuno, almuerzo y cena\u201d, detall\u00f3 el gremialista.<\/p>\n<p>\u201cHay mucha gente, grupos, interesados en venir ac\u00e1. Pasa que hay tanta burocracia en el medio, de tanta documentaci\u00f3n para acceder a esta unidad, que muchas veces hace que la gente no venga\u201d.<\/p>\n<p>Con el escrito presentado bajo la denominaci\u00f3n de \u201cMesa Multisectorial\u201d ahora trabajadores y autoridades municipales dieron plazo hasta el viernes para que desde administraci\u00f3n se d\u00e9 una respuesta al petitorio.<\/p>\n<h6>Fuente: Puntal<\/h6>\n","protected":false},"excerpt":{"rendered":"<p>Ayer, trabajadores de la UTE junto al intendente Alesandri hicieron entrega de un petitorio en el que solicitan la puesta en valor del predio y la reactivaci\u00f3n de las plazas. <\/p>\n","protected":false},"author":2,"featured_media":87219,"comment_status":"closed","ping_status":"closed","sticky":false,"template":"","format":"standard","meta":{"footnotes":""},"categories":[2],"tags":[3],"class_list":["post-87218","post","type-post","status-publish","format-standard","has-post-thumbnail","hentry","category-informe-municipal","tag-cordoba"],"_links":{"self":[{"href":"http:\/\/argentinamunicipal.com.ar\/argentina\/wp-json\/wp\/v2\/posts\/87218","targetHints":{"allow":["GET"]}}],"collection":[{"href":"http:\/\/argentinamunicipal.com.ar\/argentina\/wp-json\/wp\/v2\/posts"}],"about":[{"href":"http:\/\/argentinamunicipal.com.ar\/argentina\/wp-json\/wp\/v2\/types\/post"}],"author":[{"embeddable":true,"href":"http:\/\/argentinamunicipal.com.ar\/argentina\/wp-json\/wp\/v2\/users\/2"}],"replies":[{"embeddable":true,"href":"http:\/\/argentinamunicipal.com.ar\/argentina\/wp-json\/wp\/v2\/comments?post=87218"}],"version-history":[{"count":0,"href":"http:\/\/argentinamunicipal.com.ar\/argentina\/wp-json\/wp\/v2\/posts\/87218\/revisions"}],"wp:featuredmedia":[{"embeddable":true,"href":"http:\/\/argentinamunicipal.com.ar\/argentina\/wp-json\/wp\/v2\/media\/87219"}],"wp:attachment":[{"href":"http:\/\/argentinamunicipal.com.ar\/argentina\/wp-json\/wp\/v2\/media?parent=87218"}],"wp:term":[{"taxonomy":"category","embeddable":true,"href":"http:\/\/argentinamunicipal.com.ar\/argentina\/wp-json\/wp\/v2\/categories?post=87218"},{"taxonomy":"post_tag","embeddable":true,"href":"http:\/\/argentinamunicipal.com.ar\/argentina\/wp-json\/wp\/v2\/tags?post=87218"}],"curies":[{"name":"wp","href":"https:\/\/api.w.org\/{rel}","templated":true}]}}