{"id":87221,"date":"2019-02-21T07:18:49","date_gmt":"2019-02-21T10:18:49","guid":{"rendered":"http:\/\/argentinamunicipal.com.ar\/argentina\/?p=87221"},"modified":"2019-02-21T07:18:49","modified_gmt":"2019-02-21T10:18:49","slug":"el-intendente-de-cordoba-profundiza-su-desafio-al-poder-macrista","status":"publish","type":"post","link":"http:\/\/argentinamunicipal.com.ar\/argentina\/el-intendente-de-cordoba-profundiza-su-desafio-al-poder-macrista\/","title":{"rendered":"El intendente de C\u00f3rdoba profundiza su desaf\u00edo al poder macrista"},"content":{"rendered":"<p>Ayer asegur\u00f3 que Pe\u00f1a, Frigerio y Cornejo trataron de bajarlo de la precandidatura. En la Rosada, la decisi\u00f3n del intendente de C\u00f3rdoba genera cada vez m\u00e1s preocupaci\u00f3n.<\/p>\n<p>Mientras se siguen definiendo las listas de precandidatos a cargos provinciales y municipales (son m\u00e1s de 300 n\u00f3minas, si se observa el mapa completo con todos los postulantes de los municipios), en otro plano contin\u00faa el despliegue de jugadas pol\u00edticas de parte de Ram\u00f3n Mestre y de Mario Negri, que pugnan por la candidatura a gobernador.<\/p>\n<p>El diputado radical, que cuenta con el apoyo de la Casa Rosada, ya advirti\u00f3 que seguir\u00e1 buscando hasta \u00faltimo momento el \u201cconsenso\u201d entre la dirigencia de Cambiemos para evitar la interna del 17 de marzo. Pero, adem\u00e1s, asegur\u00f3 que teme que el peronismo \u201cpueda meter la cola\u201d en los comicios internos.<\/p>\n<p>Con estos argumentos, la espada legislativa oficialista apuesta a continuar con la negociaci\u00f3n con Mestre para bajar una interna que puede causar da\u00f1o en terreno local y efecto negativo en la \u00f3rbita del poder macrista a escala nacional.<\/p>\n<p>En ese plano se enmarcaron los contacto mantenidos ayer, en el m\u00e1ximo nivel de Cambiemos, por parte de Negri, quien despleg\u00f3 su agenda de trabajo en la ciudad de Buenos Aires.<\/p>\n<p>Tambi\u00e9n Luis Juez estuvo en territorio porte\u00f1o. El precandidato a intendente mantiene di\u00e1logo permanente con los funcionarios macristas de la primera l\u00ednea.<\/p>\n<p>En Casa Rosada, se escucharon voces de preocupaci\u00f3n por el rumbo que tom\u00f3 la interna. Sobre todo, porque Mestre sali\u00f3 a desafiar al poder central involucrando en la pelea a los estrategas de Cambiemos con despacho cerca de Mauricio Macri. Es que, en Buenos Aires, la mayor preocupaci\u00f3n pasa por haber expuesto al Presidente en la disputa cordobesa.<\/p>\n<p>En el mestrismo tienen otra lectura. Las declaraciones de Mestre dejaron al margen de la pelea a Macri. En cambio, el intendente meti\u00f3 una contraofensiva y apunt\u00f3 contra Marcos Pe\u00f1a y contra Rogelio Frigerio, y tambi\u00e9n incluy\u00f3 a Alfredo Cornejo (titular de la UCR nacional). \u00bfQu\u00e9 dijo? Que, en d\u00edas previos a la presentaci\u00f3n de las listas, hab\u00eda recibido llamados de los tres dirigentes para que se bajara de la precandidatura.<\/p>\n<p>\u201cMe llamaron Frigerio, Pe\u00f1a y Cornejo. El planteo fue realizado como desde la mesa de Cambiemos nacional y sinceramente eso no es as\u00ed: cada distrito tiene autonom\u00eda\u201d, dijo ayer el intendente capitalino a medios porte\u00f1os al defender su postulaci\u00f3n.<\/p>\n<p>Esto mismo hab\u00eda dicho a nivel local, pero sus declaraciones a medios nacionales generaron una repercusi\u00f3n medi\u00e1tica que despert\u00f3 alarmas en Balcarce 50.<\/p>\n<p><strong>Temas por resolver<\/strong><\/p>\n<p>Uno de los temas que deben resolverse es el del financiamiento de la interna: \u00bfc\u00f3mo se conseguir\u00e1n los recursos? Pero no es el \u00fanico. Los socios de Cambiemos tambi\u00e9n deben despejar la cuesti\u00f3n de los padrones (est\u00e1n pedidos, pero deben ser impresos y distribuidos), y adem\u00e1s la disposici\u00f3n de las mesas de votaci\u00f3n, la log\u00edstica electoral y el dise\u00f1o de la boleta \u00fanica de sufragio, entre otros.<\/p>\n<p>Aunque no haya precisi\u00f3n sobre los fondos que se necesitan para la interna, algunos hablan de 15 millones de pesos para abajo. Los negristas dicen que son \u201cinternas costosas\u201d, mientras que los mestristas niegan esos c\u00e1lculos y reafirman que es factible su realizaci\u00f3n. La idea es que el financiamiento sea soportado \u201cproporcionalmente\u201d por las listas. Pero eso ya gener\u00f3 un planteo sobre que sean los partidos los que se hagan cargo. Otro punto es el costo de la impresi\u00f3n de las boletas. En este caso, se estipul\u00f3 que fuera solventado en \u201cpartes iguales\u201d.<\/p>\n<p>El problema es que, hasta que est\u00e9n oficializadas las listas (el viernes), no se podr\u00e1 avanzar sobre estos temas.<\/p>\n<p><strong>Los vices, la inc\u00f3gnita que a\u00fan falta develar en la interna<\/strong><\/p>\n<p>La definici\u00f3n de los precandidatos a viceintendente de los principales espacios de Cambiemos concentra la atenci\u00f3n de la interna. Ma\u00f1ana a las 20 vence el plazo para presentar la composici\u00f3n definitiva de las listas, que debe realizarse en la Casa Radical.<br \/>\nEn este terreno de incertidumbre se barajan muchas opciones. Ram\u00f3n Mestre y Rodrigo de Loredo negociaron durante estos d\u00edas el o la candidata a la viceintendencia. La posibilidad de que sea el secretario de Modernizaci\u00f3n, Marcelo Cossar, qued\u00f3 finalmente descartada, seg\u00fan confirmaron fuentes que participaron de las conversaciones.<br \/>\nEl lunes por la noche, sobre el filo del cierre de listas, el mestrismo estuvo a punto de presentar la f\u00f3rmula De Loredo-Cossar. Pero esa decisi\u00f3n fue abortada casi en la puerta de la Junta Electoral.<br \/>\nA partir de all\u00ed las tratativas volvieron a foja cero. La diputada nacional Brenda Austin y el legislador Javier Bee Sellares ser\u00edan las opciones que, por ahora, se analizan. Realizar\u00edan un acto para oficializar la lista.<br \/>\nDesde el entorno de Luis Juez todo es incertidumbre. Se barajan nombres, pero nada es consistente. \u201cSer\u00e1 sobre el filo del cierre cuando se conocer\u00e1 el vice de Luis\u201d, anticip\u00f3 una voz importante dentro del armado en la Capital. La preferencia es que sea un radical.<\/p>\n<p><strong>Elecci\u00f3n interna: afiliados de los 3 partidos<\/strong><\/p>\n<p><strong>Tambi\u00e9n podr\u00e1n votar los independientes.<\/strong><br \/>\nLa UCR tiene casi 235 mil afiliados. En tanto, el PRO dispone de 9.700 y el Frente C\u00edvico re\u00fane a seis mil. El padr\u00f3n de independientes contiene a 2.241.000 cordobeses en condiciones de votar.<\/p>\n<h6>Fuente: La voz<\/h6>\n","protected":false},"excerpt":{"rendered":"<p>Ayer asegur\u00f3 que Pe\u00f1a, Frigerio y Cornejo trataron de bajarlo de la precandidatura. En la Rosada, la decisi\u00f3n del intendente de C\u00f3rdoba genera cada vez m\u00e1s preocupaci\u00f3n.<\/p>\n","protected":false},"author":2,"featured_media":87222,"comment_status":"closed","ping_status":"closed","sticky":false,"template":"","format":"standard","meta":{"footnotes":""},"categories":[4],"tags":[3],"class_list":["post-87221","post","type-post","status-publish","format-standard","has-post-thumbnail","hentry","category-informe-politico","tag-cordoba"],"_links":{"self":[{"href":"http:\/\/argentinamunicipal.com.ar\/argentina\/wp-json\/wp\/v2\/posts\/87221","targetHints":{"allow":["GET"]}}],"collection":[{"href":"http:\/\/argentinamunicipal.com.ar\/argentina\/wp-json\/wp\/v2\/posts"}],"about":[{"href":"http:\/\/argentinamunicipal.com.ar\/argentina\/wp-json\/wp\/v2\/types\/post"}],"author":[{"embeddable":true,"href":"http:\/\/argentinamunicipal.com.ar\/argentina\/wp-json\/wp\/v2\/users\/2"}],"replies":[{"embeddable":true,"href":"http:\/\/argentinamunicipal.com.ar\/argentina\/wp-json\/wp\/v2\/comments?post=87221"}],"version-history":[{"count":0,"href":"http:\/\/argentinamunicipal.com.ar\/argentina\/wp-json\/wp\/v2\/posts\/87221\/revisions"}],"wp:featuredmedia":[{"embeddable":true,"href":"http:\/\/argentinamunicipal.com.ar\/argentina\/wp-json\/wp\/v2\/media\/87222"}],"wp:attachment":[{"href":"http:\/\/argentinamunicipal.com.ar\/argentina\/wp-json\/wp\/v2\/media?parent=87221"}],"wp:term":[{"taxonomy":"category","embeddable":true,"href":"http:\/\/argentinamunicipal.com.ar\/argentina\/wp-json\/wp\/v2\/categories?post=87221"},{"taxonomy":"post_tag","embeddable":true,"href":"http:\/\/argentinamunicipal.com.ar\/argentina\/wp-json\/wp\/v2\/tags?post=87221"}],"curies":[{"name":"wp","href":"https:\/\/api.w.org\/{rel}","templated":true}]}}