{"id":87227,"date":"2019-02-21T07:40:51","date_gmt":"2019-02-21T10:40:51","guid":{"rendered":"http:\/\/argentinamunicipal.com.ar\/argentina\/?p=87227"},"modified":"2019-02-21T07:40:51","modified_gmt":"2019-02-21T10:40:51","slug":"con-876-millones-el-gobernador-de-cordoba-firmo-la-paz-con-las-organizaciones-sociales","status":"publish","type":"post","link":"http:\/\/argentinamunicipal.com.ar\/argentina\/con-876-millones-el-gobernador-de-cordoba-firmo-la-paz-con-las-organizaciones-sociales\/","title":{"rendered":"Con $ 876 millones, el gobernador de C\u00f3rdoba firm\u00f3 la paz con las organizaciones sociales"},"content":{"rendered":"<p>El gobernador\u00a0Juan Schiaretti\u00a0firm\u00f3 ayer, ante decenas de trabajadores de la econom\u00eda popular, un proyecto que enviar\u00e1 a la\u00a0Legislatura\u00a0y que permitir\u00e1 aumentar a 700 millones de pesos el l\u00edmite de lo que el Estado compra en bienes y servicios a este sector.<\/p>\n<p>Adem\u00e1s, rubric\u00f3 decretos por 176,5 millones de pesos destinados a que estos trabajadores regularicen su situaci\u00f3n contable, se capaciten y accedan a cr\u00e9ditos productivos y de asistencia t\u00e9cnica. Prev\u00e9n subsidiarles el monotributo social por un a\u00f1o, medida que tiene un costo de 62 millones de pesos para la Provincia y que implica aporte previsional y obra social para los 15 mil beneficiarios.<\/p>\n<p>\u201cEs inserci\u00f3n productiva y laboral para quienes no est\u00e1n en la econom\u00eda formal, porque el empleo es lo que dignifica a las personas\u201d, dijo Schiaretti en la presentaci\u00f3n.<\/p>\n<p>Por primera vez, en la primera fila del auditorio del Centro C\u00edvico se sentaron distintos dirigentes de las organizaciones que forman la Confederaci\u00f3n de Trabajadores de la Econom\u00eda Popular (Ctep): el Movimiento Evita, Movimiento de Trabajadores Excluidos (MTE), Barrios de Pie, Encuentro de Organizaciones y Movimiento Popular La Dignidad.<\/p>\n<p>Todas estas agrupaciones golpearon con insistencia las puertas del Gobierno en reiteradas oportunidades el a\u00f1o pasado en reclamo de una ley que las reconociera como trabajadores y asociaciones con factibilidad para venderle al Estado provincial.<\/p>\n<p>\u201cLo que implica el programa y las acciones por seguir ha contemplado muchas de las cosas que nosotros ped\u00edamos\u201d, se\u00f1al\u00f3 Pablo Montes, secretario general de Ctep y referente del Movimiento Evita.<\/p>\n<p><strong>Conflictos<\/strong><\/p>\n<p>Luego de marchas de protesta y de ferias callejeras para impulsar la ley, la Provincia respondi\u00f3 a los reclamos con este programa de Fortalecimiento de la Econom\u00eda Popular, que en primer lugar crear\u00e1 un registro de proveedores entre trabajadores de cooperativas, de empresas recuperadas y de changarines y simplificar\u00e1 los requisitos para el acceso a anticipos financieros para la provisi\u00f3n de bienes y servicios.<\/p>\n<p>Con las firmas de ayer, en principio, Schiaretti garantiza el cese de las protestas y libera de conflicto social el camino hacia las elecciones provinciales del 12 de mayo. Un clima que ya hab\u00eda comenzado a gestarse en diciembre, cuando desde el Ministerio de Desarrollo Social se destinaron productos alimenticios para la canasta navide\u00f1a, recursos que finalmente administr\u00f3 la Ctep.<\/p>\n<p>Entre los funcionarios que celebraron la firma de los decretos estaba Ricardo Vissani, el legislador del Movimiento Evita que propici\u00f3 el acercamiento entre las organizaciones y Schiaretti.<\/p>\n<p><strong>Expectativa<\/strong><\/p>\n<p>Las organizaciones no pudieron disimular su j\u00fabilo por la medida adoptada ayer por Schiaretti, aunque no est\u00e1n dispuestas a firmar un cheque en blanco.<\/p>\n<p>Mediante un comunicado, expresaron que \u201cni la organizaci\u00f3n, ni la lucha, ni las responsabilidades terminan ac\u00e1\u201d.<\/p>\n<p>\u201cAhora tenemos que trabajar sobre la puesta en marcha del programa. Y luego, por su conversi\u00f3n en ley\u201d, expresaron.<\/p>\n<p>Consultados, referentes de Ctep se mostraron a la expectativa de c\u00f3mo se vaya a implementar el programa provincial.<\/p>\n<p>Al respecto, Natalia Astegiano, referente del MTE, dijo que se trat\u00f3 de \u201cuna peque\u00f1a victoria\u201d.<\/p>\n<p>\u201cCreemos que es un avance, pero tenemos la tarea de estar firmes y de garantizar que esa pol\u00edtica p\u00fablica sea en beneficio de los compa\u00f1eros y las compa\u00f1eras que tienen las necesidades cotidianamente\u201d, opin\u00f3 la dirigente social.<\/p>\n<p>Montes, por su parte, dijo que \u201cse abre una discusi\u00f3n de pol\u00edtica p\u00fablica a nivel provincial y con el estado nacional\u201d, ya que espera que se pueda replicar la base de este proyecto en otros \u00e1mbitos.<\/p>\n<p>\u201cEstamos esperanzados en que la letra de este programa se materialice en derechos para los compa\u00f1eros\u201d, agreg\u00f3 el referente.<\/p>\n<p>Ambos dirigentes se\u00f1alaron que \u201ces el primer programa de su tipo\u201d en la Argentina y celebraron la posibilidad de generar empleo para el sector.<\/p>\n<p><strong>Cr\u00e9ditos<\/strong><\/p>\n<p>La secretaria de Equidad y Promoci\u00f3n del Empleo, Laura Jure, explic\u00f3 los alcances del programa e indic\u00f3 que permitir\u00e1 \u201cincorporar a la contrataci\u00f3n directa a los trabajadores de la econom\u00eda popular\u201d. La funcionaria anunci\u00f3 la creaci\u00f3n de tres l\u00edneas de \u201ccr\u00e9ditos blandos\u201d.<\/p>\n<p>\u201cHabr\u00e1 una l\u00ednea para proyectos productivos individuales, otra para proyectos asociativos y otra para centros de formaci\u00f3n y servicios de producci\u00f3n, que es como el\u00a0coworking,\u00a0o sea el uso colectivo de las maquinarias\u201d, anticip\u00f3.<\/p>\n<p><strong>Con el cristinismo, una trabajosa negociaci\u00f3n<\/strong><\/p>\n<p>El Gobierno provincial cerr\u00f3 ayer un acuerdo con organizaciones sociales filokirchneristas, pero hasta ahora no hubo grandes avances en la negociaci\u00f3n que algunos operadores peronistas vienen manteniendo en el cristinismo duro.<br \/>\nEn realidad, en el Centro C\u00edvico no admiten que est\u00e9n conversando con dirigentes que representan el pensamiento de Cristina Fern\u00e1ndez, pero la realidad es que hay contactos con un \u00fanico objetivo por parte del PJ provincial: que el cristinismo no presente lista en las elecciones del 12 de mayo.<br \/>\nEn el kirchnerismo cordob\u00e9s no hay una postura com\u00fan. El fin de semana pasado, varios partidos que en 2015 integraron el Frente para la Victoria acordaron que presentar\u00e1n candidatos en los comicios provinciales.<br \/>\nSin embargo, algunos dirigentes que tienen llegada al Instituto Patria, que conduce la expresidenta, sostienen que para ellos la \u201cprioridad\u201d es el escenario nacional, con la consigna Cristina presidenta.<br \/>\nDe all\u00ed que los cristinistas duros no quieren confrontar con el gobernador Juan Schiaretti, convencidos de que en octubre necesitar\u00e1n del apoyo de al menos una porci\u00f3n del PJ que lidera el mandatario provincial.<br \/>\nDe todos modos, varios partidos que integran el \u201cprogresismo\u201d provincial y que apoyar\u00e1n la candidatura presidencial de Cristina insistir\u00e1n en presentar lista propia, probablemente con el diputado nacional Pablo Carro como candidato a gobernador.<\/p>\n<h6>Fuente: La voz<\/h6>\n","protected":false},"excerpt":{"rendered":"<p>El gobernador\u00a0Juan Schiaretti\u00a0firm\u00f3 ayer, ante decenas de trabajadores de la econom\u00eda popular, un proyecto que enviar\u00e1 a la\u00a0Legislatura\u00a0y que permitir\u00e1 aumentar a 700 millones de pesos el l\u00edmite de lo que el Estado compra en bienes y servicios a este sector.<\/p>\n","protected":false},"author":2,"featured_media":87228,"comment_status":"closed","ping_status":"closed","sticky":false,"template":"","format":"standard","meta":{"footnotes":""},"categories":[65],"tags":[3],"class_list":["post-87227","post","type-post","status-publish","format-standard","has-post-thumbnail","hentry","category-provincias","tag-cordoba"],"_links":{"self":[{"href":"http:\/\/argentinamunicipal.com.ar\/argentina\/wp-json\/wp\/v2\/posts\/87227","targetHints":{"allow":["GET"]}}],"collection":[{"href":"http:\/\/argentinamunicipal.com.ar\/argentina\/wp-json\/wp\/v2\/posts"}],"about":[{"href":"http:\/\/argentinamunicipal.com.ar\/argentina\/wp-json\/wp\/v2\/types\/post"}],"author":[{"embeddable":true,"href":"http:\/\/argentinamunicipal.com.ar\/argentina\/wp-json\/wp\/v2\/users\/2"}],"replies":[{"embeddable":true,"href":"http:\/\/argentinamunicipal.com.ar\/argentina\/wp-json\/wp\/v2\/comments?post=87227"}],"version-history":[{"count":0,"href":"http:\/\/argentinamunicipal.com.ar\/argentina\/wp-json\/wp\/v2\/posts\/87227\/revisions"}],"wp:featuredmedia":[{"embeddable":true,"href":"http:\/\/argentinamunicipal.com.ar\/argentina\/wp-json\/wp\/v2\/media\/87228"}],"wp:attachment":[{"href":"http:\/\/argentinamunicipal.com.ar\/argentina\/wp-json\/wp\/v2\/media?parent=87227"}],"wp:term":[{"taxonomy":"category","embeddable":true,"href":"http:\/\/argentinamunicipal.com.ar\/argentina\/wp-json\/wp\/v2\/categories?post=87227"},{"taxonomy":"post_tag","embeddable":true,"href":"http:\/\/argentinamunicipal.com.ar\/argentina\/wp-json\/wp\/v2\/tags?post=87227"}],"curies":[{"name":"wp","href":"https:\/\/api.w.org\/{rel}","templated":true}]}}