{"id":87260,"date":"2019-02-22T06:37:10","date_gmt":"2019-02-22T09:37:10","guid":{"rendered":"http:\/\/argentinamunicipal.com.ar\/argentina\/?p=87260"},"modified":"2019-02-22T06:37:10","modified_gmt":"2019-02-22T09:37:10","slug":"un-amparo-por-tarifas-justas","status":"publish","type":"post","link":"http:\/\/argentinamunicipal.com.ar\/argentina\/un-amparo-por-tarifas-justas\/","title":{"rendered":"Un amparo por tarifas justas"},"content":{"rendered":"<p>En la sede del PJ Capital, dirigentes de la oposici\u00f3n firmaron la adhesi\u00f3n al amparo contra el tarifazo presentado por los integrantes del Centro de Estudios para la Promoci\u00f3n de la Igualdad y la Solidaridad (Cepis). \u201cAhora las familias debaten sobre si ir al supermercado o pagar tarifas, antes la clase media discut\u00eda sobre a d\u00f3nde iban de vacaciones. Esto va a ser m\u00e1s grave con los aumentos de los alimentos y las cuotas de los colegios de los chicos\u201d, afirm\u00f3 V\u00edctor Santa Mar\u00eda, presidente del PJ Capital. Por su parte, Mariano Recalde, presidente del bloque de Unidad Ciudadana en la Legislatura porte\u00f1a, calific\u00f3 al tarifazo como \u201cbrutal\u201d, por lo que consider\u00f3 que era el momento de ponerse firme para enfrentar la situaci\u00f3n de angustia que viven los ciudadanos. La diputada Victoria Donda y el senador Pino Solanas respaldaron la medida ante la dif\u00edcil situaci\u00f3n que est\u00e1n viviendo los argentinos, por lo que tambi\u00e9n suscribieron la convocatoria para sumarse al petitorio que busca detener las subidas de los servicios p\u00fablicos. El primero de los cuatro aumentos previstos para este a\u00f1o entr\u00f3 en vigencia el 1\u00ba de febrero. \u201cOportunamente se haga lugar a la acci\u00f3n de amparo colectivo, dictando sentencia que declare la inconstitucionalidad de la Resoluci\u00f3n 366\/2018\u201d, sostiene el encabezado del amparo. Entre los presentes en el acto tambi\u00e9n estuvieron Daniel Filmus, Carlos Tomada, Santiago Roberto, Francisco Cafiero, Silvia Gotrero, Lorena Pokoik, Leandro Santoro e Itai Hagman.<\/p>\n<h6>Fuente: P\u00e1gina 12<\/h6>\n","protected":false},"excerpt":{"rendered":"<p>En la sede del PJ Capital, dirigentes de la oposici\u00f3n firmaron la adhesi\u00f3n al amparo contra el tarifazo presentado por los integrantes del Centro de Estudios para la Promoci\u00f3n de la Igualdad y la Solidaridad (Cepis).<\/p>\n","protected":false},"author":2,"featured_media":87261,"comment_status":"closed","ping_status":"closed","sticky":false,"template":"","format":"standard","meta":{"footnotes":""},"categories":[8],"tags":[21],"class_list":["post-87260","post","type-post","status-publish","format-standard","has-post-thumbnail","hentry","category-informe-nacional","tag-argentina"],"_links":{"self":[{"href":"http:\/\/argentinamunicipal.com.ar\/argentina\/wp-json\/wp\/v2\/posts\/87260","targetHints":{"allow":["GET"]}}],"collection":[{"href":"http:\/\/argentinamunicipal.com.ar\/argentina\/wp-json\/wp\/v2\/posts"}],"about":[{"href":"http:\/\/argentinamunicipal.com.ar\/argentina\/wp-json\/wp\/v2\/types\/post"}],"author":[{"embeddable":true,"href":"http:\/\/argentinamunicipal.com.ar\/argentina\/wp-json\/wp\/v2\/users\/2"}],"replies":[{"embeddable":true,"href":"http:\/\/argentinamunicipal.com.ar\/argentina\/wp-json\/wp\/v2\/comments?post=87260"}],"version-history":[{"count":0,"href":"http:\/\/argentinamunicipal.com.ar\/argentina\/wp-json\/wp\/v2\/posts\/87260\/revisions"}],"wp:featuredmedia":[{"embeddable":true,"href":"http:\/\/argentinamunicipal.com.ar\/argentina\/wp-json\/wp\/v2\/media\/87261"}],"wp:attachment":[{"href":"http:\/\/argentinamunicipal.com.ar\/argentina\/wp-json\/wp\/v2\/media?parent=87260"}],"wp:term":[{"taxonomy":"category","embeddable":true,"href":"http:\/\/argentinamunicipal.com.ar\/argentina\/wp-json\/wp\/v2\/categories?post=87260"},{"taxonomy":"post_tag","embeddable":true,"href":"http:\/\/argentinamunicipal.com.ar\/argentina\/wp-json\/wp\/v2\/tags?post=87260"}],"curies":[{"name":"wp","href":"https:\/\/api.w.org\/{rel}","templated":true}]}}