{"id":87286,"date":"2019-02-22T07:10:39","date_gmt":"2019-02-22T10:10:39","guid":{"rendered":"http:\/\/argentinamunicipal.com.ar\/argentina\/?p=87286"},"modified":"2019-02-22T07:10:39","modified_gmt":"2019-02-22T10:10:39","slug":"mar-del-plata-desde-el-gobierno-de-arroyo-le-pidieron-a-vidal-que-no-se-entrometa-en-la-politica-fiscal-de-la-ciudad","status":"publish","type":"post","link":"http:\/\/argentinamunicipal.com.ar\/argentina\/mar-del-plata-desde-el-gobierno-de-arroyo-le-pidieron-a-vidal-que-no-se-entrometa-en-la-politica-fiscal-de-la-ciudad\/","title":{"rendered":"Mar del Plata: Desde el gobierno de Arroyo le pidieron a Vidal que no se entrometa en \u201cla pol\u00edtica fiscal de la ciudad\u201d"},"content":{"rendered":"<p>En el marco de la pol\u00e9mica por el cobro de una tasa a los teatros locales y la eximici\u00f3n de la misma que decret\u00f3 el Concejo Deliberante, un funcionario de Arroyo apunt\u00f3 contra la Gobernadora.<br \/>\nTras el decreto con que concejales de Mar del Plata eximieron a los teatros comerciales locales del pago de la tasa de publicidad y propaganda que impulsa el Ejecutivo, el secretario de Hacienda,Hern\u00e1n Mourelle, se descarg\u00f3 contra\u00a0Mar\u00eda Eugenia Vidal\u00a0por entrometerse en \u201cla pol\u00edtica econ\u00f3mica y fiscal de la ciudad\u201d.<\/p>\n<p>El nuevo conflicto entre\u00a0Vidal\u00a0y la gesti\u00f3n de\u00a0Arroyo\u00a0se inici\u00f3 cuando tras los reclamos de productores de obras de teatro pusieron el grito en el cielo por el cobro de dicha tasa, la Gobernadora le envi\u00f3 una carta al intendente Intendente en la que le solicit\u00f3 que se abstenga de \u201cimplementar medidas que atenten contra el normal desarrollo de la actividad\u201d.<\/p>\n<p>El jefe comunal se neg\u00f3 a eximir del cobro de la tasa a los teatros por el uso de carteler\u00eda y marquesinas y el reclamo fue recogido por un grupo de concejales que ayer, mediante un decreto ad refer\u00e9ndum, avanzaron en la exenci\u00f3n del impuesto.<\/p>\n<p>Tras esto,\u00a0Mourelle\u00a0le recrimin\u00f3 a\u00a0Vidal\u00a0que la carta fue \u201cun error t\u00e9cnico o de asesoramiento de la gente que la acompa\u00f1a\u201d porque \u201ces absolutamente ilegal\u201d. De paso le recomend\u00f3 que si desea \u201cbeneficiar a un determinado sector econ\u00f3mico\u201d deber\u00eda asignar un \u201csubsidio a los actores\u201d y as\u00ed lograr\u00eda su objetivo \u201csin ninguna intromisi\u00f3n dentro de la pol\u00edtica econ\u00f3mica y fiscal de la ciudad\u201d.<\/p>\n<p>Por \u00faltimo, en declaraciones a\u00a0Radio Brisas\u00a0de Mar del Plata, advirti\u00f3 a los concejales que impulsaron la exenci\u00f3n que son \u201cpatrimonial y econ\u00f3micamente responsables\u201d por \u201cejecutar una ordenanza de car\u00e1cter ilegal como la que se proyecta aprobar\u201d.<\/p>\n<h6>Fuente: InfoCielo<\/h6>\n","protected":false},"excerpt":{"rendered":"<p>En el marco de la pol\u00e9mica por el cobro de una tasa a los teatros locales y la eximici\u00f3n de la misma que decret\u00f3 el Concejo Deliberante, un funcionario de Arroyo apunt\u00f3 contra la Gobernadora.<\/p>\n","protected":false},"author":2,"featured_media":87287,"comment_status":"closed","ping_status":"closed","sticky":false,"template":"","format":"standard","meta":{"footnotes":""},"categories":[4],"tags":[12],"class_list":["post-87286","post","type-post","status-publish","format-standard","has-post-thumbnail","hentry","category-informe-politico","tag-buenos-aires"],"_links":{"self":[{"href":"http:\/\/argentinamunicipal.com.ar\/argentina\/wp-json\/wp\/v2\/posts\/87286","targetHints":{"allow":["GET"]}}],"collection":[{"href":"http:\/\/argentinamunicipal.com.ar\/argentina\/wp-json\/wp\/v2\/posts"}],"about":[{"href":"http:\/\/argentinamunicipal.com.ar\/argentina\/wp-json\/wp\/v2\/types\/post"}],"author":[{"embeddable":true,"href":"http:\/\/argentinamunicipal.com.ar\/argentina\/wp-json\/wp\/v2\/users\/2"}],"replies":[{"embeddable":true,"href":"http:\/\/argentinamunicipal.com.ar\/argentina\/wp-json\/wp\/v2\/comments?post=87286"}],"version-history":[{"count":0,"href":"http:\/\/argentinamunicipal.com.ar\/argentina\/wp-json\/wp\/v2\/posts\/87286\/revisions"}],"wp:featuredmedia":[{"embeddable":true,"href":"http:\/\/argentinamunicipal.com.ar\/argentina\/wp-json\/wp\/v2\/media\/87287"}],"wp:attachment":[{"href":"http:\/\/argentinamunicipal.com.ar\/argentina\/wp-json\/wp\/v2\/media?parent=87286"}],"wp:term":[{"taxonomy":"category","embeddable":true,"href":"http:\/\/argentinamunicipal.com.ar\/argentina\/wp-json\/wp\/v2\/categories?post=87286"},{"taxonomy":"post_tag","embeddable":true,"href":"http:\/\/argentinamunicipal.com.ar\/argentina\/wp-json\/wp\/v2\/tags?post=87286"}],"curies":[{"name":"wp","href":"https:\/\/api.w.org\/{rel}","templated":true}]}}