{"id":87289,"date":"2019-02-22T07:15:42","date_gmt":"2019-02-22T10:15:42","guid":{"rendered":"http:\/\/argentinamunicipal.com.ar\/argentina\/?p=87289"},"modified":"2019-02-22T07:15:42","modified_gmt":"2019-02-22T10:15:42","slug":"el-pj-sello-su-desembarco-en-el-frente-que-prepara-cfk-para-enfrentar-a-macri-y-vidal","status":"publish","type":"post","link":"http:\/\/argentinamunicipal.com.ar\/argentina\/el-pj-sello-su-desembarco-en-el-frente-que-prepara-cfk-para-enfrentar-a-macri-y-vidal\/","title":{"rendered":"El PJ sell\u00f3 su desembarco en el frente que prepara CFK para enfrentar a Macri y Vidal"},"content":{"rendered":"<p>M\u00e1s de 750 dirigentes llegaron a La Matanza para participar del Congreso Partidario en el que se empieza a delinear el esquema de alianzas para competir en las elecciones de este a\u00f1o.<\/p>\n<p>El Congreso Partidario que se celebra en La Matanza, con las m\u00e1ximas autoridades del peronismo bonaerense, completaron una formalidad que deja todo un mensaje pol\u00edtico: darle luz verde a la integraci\u00f3n de la estructura dentro del frente patri\u00f3tico que amasa\u00a0Cristina Fern\u00e1ndez de Kirchner\u00a0para enfrentar a Cambiemos en este turno electoral.<\/p>\n<p>Se trata de anclar en una versi\u00f3n m\u00e1s progresista de\u00a0Unidad Ciudadana, que conforman m\u00e1s de una docena de partidos y agrupaciones, donde se incluir\u00e1, por ejemplo,\u00a0el partido de\u00a0Victoria Donda, que rompi\u00f3 con Libres del Sur recientemente.<\/p>\n<p>Dijeron presente en el polideportivo\u00a0Alberto Balestrini 752 congresales\u00a0que avalaron ampliar la lista de miembros de la junta electoral de 13 a 15 e incorporar en esas sillas a N\u00e9stor \u00c1lvarez, exintendente de Guamin\u00ed, y a Micaela VIllaverde. Adem\u00e1s se aprob\u00f3 la autorizaci\u00f3n para negociar la integraci\u00f3n de frentes electorales, una moci\u00f3n que impuls\u00f3\u00a0el intendente de Almirante Brown, Mariano Cascallares.<\/p>\n<p>\u00abEste a\u00f1o se va a realizar unas elecciones trascendentales debe ser decisi\u00f3n de este congreso que el PJ participe un frente con fuerzas afines\u00bb, dijo. Su propuesta fue avalada y se defini\u00f3 la lista de apoderados que tiene a\u00a0Fernando Gray, Gustavo Men\u00e9ndez, Fernando Espinoza, Eduardo Wado De Pedro y Jorge Landau.<\/p>\n<p>\u00abAc\u00e1 en La Matanza estamos reunidos porque tenemos una responsabilidad de armar un frente que lleve al peronismo a la victoria. No pensemos en chiquito, pensemos en grande\u00bb, dijo, confirmado el esquema, el presidente del partido,\u00a0Fernando Gray.<\/p>\n<p>El mensaje ven\u00eda en clave pol\u00edtica: el PJ, vale recordar, no compiti\u00f3 denrto de Unidad Ciudadana en las \u00faltimas legislativas. Por el contrario, form\u00f3 parte de\u00a0Cumplir, el frente que patrocin\u00f3 el exministro de Transporte,\u00a0Florencio Randazzo, y que a la postre qued\u00f3 muy relegado en el conteo final de votos.<\/p>\n<p>El resultado final del comicio fue\u00a041.4 para Cambiemos, 37.2 para Unidad Ciudanana, 11.32 para 1Pais -el frente de Sergio Massa- y 5.31 para Cumplir, que apenas logr\u00f3 ganar una banca para el hoy diputado nacional Eduardo Bucca.<\/p>\n<p>Si bien no hay posibilidad de determinarlo taxativamente, en el peronismo siempre sospecharon que sin esa divisi\u00f3n del electorado, Unidad Ciudadana podr\u00eda haber hecho morder el polvo de la derrota al oficialismo en ese turno.\u00a0Los n\u00fameros, que son traicioneros, dan la raz\u00f3n en ese aspecto. Esta vez, parece, el peronismo no quiere repetir el error.<\/p>\n<p>Estos detalles se discutieron en el Palacio Municipal de La Matanza antes de desembarcar en en polideportivo\u00a0Alberto Balestrini, donde se llevar\u00e1 adelante el acto principal frente a una verdadera multitud. Se descuenta que habr\u00e1 un documento, adem\u00e1s,\u00a0con fuertes cr\u00edticas a Mauricio Macri y a Mar\u00eda Eugenia Vidal.<\/p>\n<p>El primer dato pol\u00edtico de esa reuni\u00f3n fueron la presencia de\u00a0Mart\u00edn Insaurralde, intendente de Lomas y posible candidato a Goberrnador, y la ausencia de\u00a0Axel Kicillof, diputado nacional y posible contendiente.<\/p>\n<p>El intendente de Lomas no registraba apariciones p\u00fablicas fuera de su territorio desde el operativo clamor que lanzaron los intentes de su espacio posicion\u00e1ndolo como candidato a Gobernador. Kicillof, por su parte, contin\u00faa recorriendo la provincia con traje de candidato y hoy estar\u00e1 en la cuarta secci\u00f3n, el noroeste bonaerense, junto al senador Gustavo Traverso. Bien lejos de La Matanza, pero dando se\u00f1ales de vida.<\/p>\n<p>S\u00ed dijeron presente otros cuadros de La C\u00e1mpora, entre ellos nada menos que\u00a0M\u00e1ximo Kirchner y Eduardo \u00abWado\u00bb De Pedro. El primero en car\u00e1cter de invitado y el segundo como miembro del Consejo partidario.\u00a0Tambi\u00e9n se dejaron ver el exgobernador\u00a0Daniel Scioli, el sindicalista\u00a0Hugo Moyano, el titular de SUTEBA,\u00a0Roberto Baradel, y decenas de intendentes y legisladores de toda la Provincia.<\/p>\n<h6>Fuente: InfoCielo<\/h6>\n","protected":false},"excerpt":{"rendered":"<p>M\u00e1s de 750 dirigentes llegaron a La Matanza para participar del Congreso Partidario en el que se empieza a delinear el esquema de alianzas para competir en las elecciones de este a\u00f1o.<\/p>\n","protected":false},"author":2,"featured_media":87290,"comment_status":"closed","ping_status":"closed","sticky":false,"template":"","format":"standard","meta":{"footnotes":""},"categories":[8],"tags":[21],"class_list":["post-87289","post","type-post","status-publish","format-standard","has-post-thumbnail","hentry","category-informe-nacional","tag-argentina"],"_links":{"self":[{"href":"http:\/\/argentinamunicipal.com.ar\/argentina\/wp-json\/wp\/v2\/posts\/87289","targetHints":{"allow":["GET"]}}],"collection":[{"href":"http:\/\/argentinamunicipal.com.ar\/argentina\/wp-json\/wp\/v2\/posts"}],"about":[{"href":"http:\/\/argentinamunicipal.com.ar\/argentina\/wp-json\/wp\/v2\/types\/post"}],"author":[{"embeddable":true,"href":"http:\/\/argentinamunicipal.com.ar\/argentina\/wp-json\/wp\/v2\/users\/2"}],"replies":[{"embeddable":true,"href":"http:\/\/argentinamunicipal.com.ar\/argentina\/wp-json\/wp\/v2\/comments?post=87289"}],"version-history":[{"count":0,"href":"http:\/\/argentinamunicipal.com.ar\/argentina\/wp-json\/wp\/v2\/posts\/87289\/revisions"}],"wp:featuredmedia":[{"embeddable":true,"href":"http:\/\/argentinamunicipal.com.ar\/argentina\/wp-json\/wp\/v2\/media\/87290"}],"wp:attachment":[{"href":"http:\/\/argentinamunicipal.com.ar\/argentina\/wp-json\/wp\/v2\/media?parent=87289"}],"wp:term":[{"taxonomy":"category","embeddable":true,"href":"http:\/\/argentinamunicipal.com.ar\/argentina\/wp-json\/wp\/v2\/categories?post=87289"},{"taxonomy":"post_tag","embeddable":true,"href":"http:\/\/argentinamunicipal.com.ar\/argentina\/wp-json\/wp\/v2\/tags?post=87289"}],"curies":[{"name":"wp","href":"https:\/\/api.w.org\/{rel}","templated":true}]}}