{"id":87298,"date":"2019-02-22T05:21:52","date_gmt":"2019-02-22T08:21:52","guid":{"rendered":"http:\/\/argentinamunicipal.com.ar\/argentina\/?p=87298"},"modified":"2019-02-22T07:24:37","modified_gmt":"2019-02-22T10:24:37","slug":"rosario-briket-elimino-un-turno-en-plena-temporada-alta","status":"publish","type":"post","link":"http:\/\/argentinamunicipal.com.ar\/argentina\/rosario-briket-elimino-un-turno-en-plena-temporada-alta\/","title":{"rendered":"Rosario: Briket elimin\u00f3 un turno en plena temporada alta"},"content":{"rendered":"<p>La empresa Briket, hist\u00f3rica en la ciudad en el rubro de la refrigeraci\u00f3n. Ni la \u00e9poca de m\u00e1s ventas para el rubro trajo algo de alivio. \u00abNo sabemos cu\u00e1nto vamos a aguantar\u00bb, insiste su due\u00f1o<\/p>\n<p>A Roberto Lenzi (63 a\u00f1os) empresario rosarino lleva d\u00e9cadas apostando a la producci\u00f3n industrial. Es la cara visible de la firma Briket, una hist\u00f3rica pyme del rubro de la refrigeraci\u00f3n. Es el presidente de la C\u00e1mara Argentina de la industria de Refrigeraci\u00f3n y Aire Acondicionado (Cairaa), y de la Asociaci\u00f3n de Industriales Metal\u00fargicos (AIM).<\/p>\n<p>Sin embargo, los datos que llegan a sus manos son todos negativos. La producci\u00f3n en la industria del fr\u00edo (heladeras y freezers) cay\u00f3 un 50% en sinton\u00eda con una merma de ventas que parece no tener fondo.<\/p>\n<p>Esta semana, el Banco Central inform\u00f3 que los cr\u00e9ditos para la producci\u00f3n cayeron un 40% respecto a enero de 2018. La alt\u00edsima tasa de inter\u00e9s hace imposible que alg\u00fan empresario apueste hoy a la renovaci\u00f3n de infraestructura.<\/p>\n<p>En enero de 2018 la tasa de adelantos en cuenta corriente fue del 33,6%. El mes pasado, la tasa cerr\u00f3 en un promedio del 68%. El costo de financiamiento se duplic\u00f3 en un a\u00f1o. Los cr\u00e9ditos que se sacan hoy son de \u201csubsistencia\u201d: para pagar el capital de trabajo, para pagar servicios y para mantener los motores encendidos.<\/p>\n<p>En octubre del a\u00f1o pasado, el propio ministro de Producci\u00f3n y Trabajo, Dante Sica, admiti\u00f3 que estas tasas son \u201cincompatibles con la producci\u00f3n\u201d. \u201cLas altas tasas son la muerte cl\u00ednica de la inversi\u00f3n real, el consumo, la demanda agregada y el crecimiento\u201d, recono<\/p>\n<p>Altas tasas<br \/>\nA la ca\u00edda estrepitosa de ventas y a las altas tasas de inter\u00e9s se le suma el aumento del costo industrial. La Fundaci\u00f3n Polo Log\u00edstico Regi\u00f3n Rosario public\u00f3 el \u00edndice del 2018, el cual arroj\u00f3 una suba del 74,3%, el porcentaje m\u00e1s alto desde que se elabora este informe.<\/p>\n<p>Las f\u00e1bricas de aluminio cerraron el a\u00f1o 2018 con incrementos del 110%; los laminados entre un 85% y un 93%; y el rubro de las pinturas cerr\u00f3 con un promedio del 110.5%. M\u00e1s abajo se ubicaron productos de alambre (78.4%), acr\u00edlicos (71.1%), perfiles pl\u00e1sticos (67.4%), y perfiles de acero (61.3%).<\/p>\n<p>Este \u201ccombo\u201d, explica Lenzi, est\u00e1 haciendo \u201cestragos\u201d en el tejido industrial del pa\u00eds. En su caso, lo llev\u00f3 a bajar un turno de trabajo en plena temporada alta. \u201cNunca antes lo tuve que hacer, ni en el 2001.<\/p>\n<p>Lenzi pidi\u00f3 \u201ctasas m\u00e1s normales\u201d, del 15% o del 20%. Brasil, el principal socio estrat\u00e9gico, tiene hoy una tasa del 7%. \u201cNo vemos que esto vaya a ocurrir\u201d.<\/p>\n<p>En su caso, todav\u00eda no pudo traer dos m\u00e1quina que compr\u00f3 en China por un total de dos millones de d\u00f3lares. Las adquiri\u00f3 en 2017 con los \u00faltimos cr\u00e9ditos blandos pensados para la producci\u00f3n.<\/p>\n<p>\u201cNo sabemos cu\u00e1nto tiempo vamos a aguantar\u201d, reconoci\u00f3 preocupado sobre el futuro cercano.<\/p>\n<h6>Fuente: Sin Mordaza<\/h6>\n","protected":false},"excerpt":{"rendered":"<p>La empresa Briket, hist\u00f3rica en la ciudad en el rubro de la refrigeraci\u00f3n. Ni la \u00e9poca de m\u00e1s ventas para el rubro trajo algo de alivio. \u00abNo sabemos cu\u00e1nto vamos a aguantar\u00bb, insiste su due\u00f1o<\/p>\n","protected":false},"author":2,"featured_media":87299,"comment_status":"closed","ping_status":"closed","sticky":false,"template":"","format":"standard","meta":{"footnotes":""},"categories":[2],"tags":[10],"class_list":["post-87298","post","type-post","status-publish","format-standard","has-post-thumbnail","hentry","category-informe-municipal","tag-santa-fe"],"_links":{"self":[{"href":"http:\/\/argentinamunicipal.com.ar\/argentina\/wp-json\/wp\/v2\/posts\/87298","targetHints":{"allow":["GET"]}}],"collection":[{"href":"http:\/\/argentinamunicipal.com.ar\/argentina\/wp-json\/wp\/v2\/posts"}],"about":[{"href":"http:\/\/argentinamunicipal.com.ar\/argentina\/wp-json\/wp\/v2\/types\/post"}],"author":[{"embeddable":true,"href":"http:\/\/argentinamunicipal.com.ar\/argentina\/wp-json\/wp\/v2\/users\/2"}],"replies":[{"embeddable":true,"href":"http:\/\/argentinamunicipal.com.ar\/argentina\/wp-json\/wp\/v2\/comments?post=87298"}],"version-history":[{"count":0,"href":"http:\/\/argentinamunicipal.com.ar\/argentina\/wp-json\/wp\/v2\/posts\/87298\/revisions"}],"wp:featuredmedia":[{"embeddable":true,"href":"http:\/\/argentinamunicipal.com.ar\/argentina\/wp-json\/wp\/v2\/media\/87299"}],"wp:attachment":[{"href":"http:\/\/argentinamunicipal.com.ar\/argentina\/wp-json\/wp\/v2\/media?parent=87298"}],"wp:term":[{"taxonomy":"category","embeddable":true,"href":"http:\/\/argentinamunicipal.com.ar\/argentina\/wp-json\/wp\/v2\/categories?post=87298"},{"taxonomy":"post_tag","embeddable":true,"href":"http:\/\/argentinamunicipal.com.ar\/argentina\/wp-json\/wp\/v2\/tags?post=87298"}],"curies":[{"name":"wp","href":"https:\/\/api.w.org\/{rel}","templated":true}]}}