{"id":87301,"date":"2019-02-22T07:26:46","date_gmt":"2019-02-22T10:26:46","guid":{"rendered":"http:\/\/argentinamunicipal.com.ar\/argentina\/?p=87301"},"modified":"2019-02-22T07:26:46","modified_gmt":"2019-02-22T10:26:46","slug":"mestre-mando-al-frente-a-pena-frigerio-y-cornejo-le-pidieron-que-retire-su-candidatura","status":"publish","type":"post","link":"http:\/\/argentinamunicipal.com.ar\/argentina\/mestre-mando-al-frente-a-pena-frigerio-y-cornejo-le-pidieron-que-retire-su-candidatura\/","title":{"rendered":"Mestre mand\u00f3 al frente a Pe\u00f1a, Frigerio y Cornejo: le pidieron que retire su candidatura"},"content":{"rendered":"<p>El intendente de la Ciudad de C\u00f3rdoba, Ram\u00f3n Mestre, dijo que el jefe de Gabinete, el ministro de Interior, y el presidente del UCR, le pidieron que retire su postulaci\u00f3n a gobernador y se la ceda al diputado Mario Negri.<\/p>\n<p>El intendente de la Ciudad de C\u00f3rdoba, Ram\u00f3n Mestre, denunci\u00f3 que el jefe de Gabinete, Marcos Pe\u00f1a, el ministro de Interior, Rogelio Frigerio, y el presidente del UCR, Alfredo Cornejo, se comunicaron telef\u00f3nicamente con \u00e9l para pedirle que retire su postulaci\u00f3n a gobernador.<\/p>\n<p>Adem\u00e1s de este exhorto con perfume a apriete, Mestre asegur\u00f3 que le dijeron que \u00able ceda\u00bb la candidatura \u00fanica al jefe del interbloque Cambiemos en la C\u00e1mara de Diputados, Mario Negri.<\/p>\n<p>\u00abMe llamaron Frigerio, Pe\u00f1a y Cornejo. El planteo fue realizado como desde la mesa de Cambiemos nacional y sinceramente eso no es as\u00ed, cada distrito tiene autonom\u00eda\u00bb, dijo.<\/p>\n<p>\u00abMe plantearon como que votar hac\u00eda crujir al espacio pol\u00edtico. Y eso no es as\u00ed, recordemos que Macri lleg\u00f3 por primarias\u00bb, describi\u00f3 Mestre.<\/p>\n<p>En di\u00e1logo con radio Latina, Mestre se quej\u00f3 de que los ministros que intercedieron a favor de Negri \u00abhablaron como dirigentes del PRO de Buenos Aires\u00bb y opin\u00f3 que \u00abeso a los cordobeses no nos gusta\u00bb.<\/p>\n<p>Agreg\u00f3 que lo quisieron tentar para que desista de participar de la interna de Cambiemos en C\u00f3rdoba: \u00abNos han ofrecido muchas cosas\u00bb &#8230; \u00abNo est\u00e1 bueno que desde la comodidad de los despachos oficiales opaquen la democracia interna de los partidos\u00bb.<\/p>\n<p>\u00abLa UCR tiene que tener un rol distinto en Cambiemos. Si esto significa que tengamos que llevar candidatos propios dentro de una interna de Cambiemos, es una posibilidad\u00bb, se\u00f1al\u00f3.<\/p>\n<h6>Fuente: InfoNews<\/h6>\n","protected":false},"excerpt":{"rendered":"<p>El intendente de la Ciudad de C\u00f3rdoba, Ram\u00f3n Mestre, dijo que el jefe de Gabinete, el ministro de Interior, y el presidente del UCR, le pidieron que retire su postulaci\u00f3n a gobernador y se la ceda al diputado Mario Negri.<\/p>\n","protected":false},"author":2,"featured_media":87302,"comment_status":"closed","ping_status":"closed","sticky":false,"template":"","format":"standard","meta":{"footnotes":""},"categories":[4],"tags":[3],"class_list":["post-87301","post","type-post","status-publish","format-standard","has-post-thumbnail","hentry","category-informe-politico","tag-cordoba"],"_links":{"self":[{"href":"http:\/\/argentinamunicipal.com.ar\/argentina\/wp-json\/wp\/v2\/posts\/87301","targetHints":{"allow":["GET"]}}],"collection":[{"href":"http:\/\/argentinamunicipal.com.ar\/argentina\/wp-json\/wp\/v2\/posts"}],"about":[{"href":"http:\/\/argentinamunicipal.com.ar\/argentina\/wp-json\/wp\/v2\/types\/post"}],"author":[{"embeddable":true,"href":"http:\/\/argentinamunicipal.com.ar\/argentina\/wp-json\/wp\/v2\/users\/2"}],"replies":[{"embeddable":true,"href":"http:\/\/argentinamunicipal.com.ar\/argentina\/wp-json\/wp\/v2\/comments?post=87301"}],"version-history":[{"count":0,"href":"http:\/\/argentinamunicipal.com.ar\/argentina\/wp-json\/wp\/v2\/posts\/87301\/revisions"}],"wp:featuredmedia":[{"embeddable":true,"href":"http:\/\/argentinamunicipal.com.ar\/argentina\/wp-json\/wp\/v2\/media\/87302"}],"wp:attachment":[{"href":"http:\/\/argentinamunicipal.com.ar\/argentina\/wp-json\/wp\/v2\/media?parent=87301"}],"wp:term":[{"taxonomy":"category","embeddable":true,"href":"http:\/\/argentinamunicipal.com.ar\/argentina\/wp-json\/wp\/v2\/categories?post=87301"},{"taxonomy":"post_tag","embeddable":true,"href":"http:\/\/argentinamunicipal.com.ar\/argentina\/wp-json\/wp\/v2\/tags?post=87301"}],"curies":[{"name":"wp","href":"https:\/\/api.w.org\/{rel}","templated":true}]}}