{"id":87304,"date":"2019-02-22T07:30:43","date_gmt":"2019-02-22T10:30:43","guid":{"rendered":"http:\/\/argentinamunicipal.com.ar\/argentina\/?p=87304"},"modified":"2019-02-22T07:30:43","modified_gmt":"2019-02-22T10:30:43","slug":"santa-fe-un-acuerdo-antes-del-cierre-de-listas","status":"publish","type":"post","link":"http:\/\/argentinamunicipal.com.ar\/argentina\/santa-fe-un-acuerdo-antes-del-cierre-de-listas\/","title":{"rendered":"Santa Fe: Un acuerdo antes del cierre de listas"},"content":{"rendered":"<p>Hoy vence el plazo para definir las candidaturas. Tras el fracaso de los intentos para lograr una lista unificada entre la ex vicegobernadora y el senador nacional, Unidad Ciudadana acord\u00f3 respaldar al ex intedente de Rafaela.<\/p>\n<p>Horas antes de que se produzca el cierre de listas en Santa Fe, el kirchnerismo finalmente acord\u00f3 con el senador nacional Omar Perotti y respaldar\u00e1 su precandidatura en las primarias del Frente Juntos, donde deber\u00e1 competir con la ex vicegobernadora Mar\u00eda Eugenia Bielsa. El ex intendente de Rafaela mantuvo en los \u00faltimos d\u00edas varios encuentros con la ex presidenta Cristina Fern\u00e1ndez de Kirchner, quien tambi\u00e9n se reuni\u00f3 con Bielsa para buscar una lista de unidad entre ambos dirigentes. Ante el fracaso de las negociaciones, Perotti logr\u00f3 un acuerdo con la diputada nacional Alejandra Rodenas, quien ser\u00eda su precandidata a gobernadora mientras que Bielsa todav\u00eda no hab\u00eda definido su compa\u00f1ero de f\u00f3rmula.<\/p>\n<p>Luego de semanas de m\u00faltiples reuniones, el peronismo hab\u00eda logrado un acuerdo el \u00faltimo viernes para inscribir el Frente Juntos, la uni\u00f3n del PJ y otras 13 fuerzas pol\u00edticas de la provincia. All\u00ed se hab\u00eda logrado incorporar al Frente Renovador, que elecciones anteriores hab\u00eda competido por afuera.<\/p>\n<p>Luego comenz\u00f3 a despejarse el escenario de candidaturas. En un gesto a favor del consenso y la unidad, el kirchnerismo decidi\u00f3 bajar a sus tres postulantes: el legislador Leandro Busatto (secretario general del PJ santafesino y cercano al jefe del bloque de diputados del FpV, Agust\u00edn Rossi), el diputado nacional de La C\u00e1mpora, Marcos Cleri, y la senadora nacional Maril\u00edn Sacn\u00fan, compa\u00f1era de bancada de la ex Presidenta. Desde entonces, tanto Perotti como Bielsa se disputaban el apoyo del kirchnerismo en el marco de la primaria que se realizar\u00e1 el 28 de abril.<\/p>\n<p>Perotti acord\u00f3 con Rodenas que lo acompa\u00f1e en la f\u00f3rmula. La diputada y ex jueza hab\u00eda competido con Rossi en las PASO de 2017. El ex ministro le gan\u00f3 y ambos terminaron compartiendo la lista de candidatos en las elecciones generales.<\/p>\n<p>Como parte del acuerdo con el kirchnerismo, Perotti llevar\u00e1 de primer candidato a diputado provincial a Busatto y en segundo t\u00e9rmino a un dirigente de La C\u00e1mpora. Seg\u00fan revelaron desde Santa Fe, esperan colocar un m\u00ednimo de 7 legisladores provinciales, por lo que tanto Busatto como el camporista tendr\u00edan garantizado su ingreso a la c\u00e1mara baja santafesina.<\/p>\n<p>Perotti tambi\u00e9n pretende sumar al Movimiento Evita, a los intendentes, al movimiento obrero y al Frente Renovador. Si bien el acuerdo es un hecho, ninguno de los actores involucrados sali\u00f3 a confirmarlo p\u00fablicamente. No se trata de un situaci\u00f3n c\u00f3moda. Perotti integra el bloque de senadores de Argentina Federal, liderado por el rionegrino Miguel Pichetto, uno de los m\u00e1ximos adversarios de CFK dentro del peronismo. Adem\u00e1s, desde su banca de senador tom\u00f3 posiciones enfrentadas con las del kirchnerismo como el pago a los fondos buitre y dar qu\u00f3rum para debatir el desafuero de CFK.<\/p>\n<p>En el espacio de Mar\u00eda Eugenia Bielsa ten\u00edan hasta hoy para terminar de tomar las \u00faltimas definiciones. El \u00fanico sector de Unidad Ciudadana que la respalda es Nuevo Encuentro. El concejal de Ciudad Futura Juan Monteverde podr\u00eda ser el candidato de Bielsa para la intendencia de Rosario, un distrito clave ya que se trata del municipio m\u00e1s grande de la provincia.<\/p>\n<p>El frente Juntos ser\u00e1 el \u00fanico que tendr\u00e1 competencia en la categor\u00eda de gobernador ya que la Casa Rosada le orden\u00f3 al macrista Federico Angelini que se baje y le despeje el camino al intendente de la Capital, Jos\u00e9 Corral. El dirigente radical ser\u00e1 acompa\u00f1ado por la macrista Anita Mart\u00ednez. En el Frente Progresista tampoco habr\u00e1 primarias. Ser\u00e1 el socialista Antonio Bonfatti quien encabece el binomio acompa\u00f1ado por la radical Victoria Tejeda.<\/p>\n<h6>Fuente: P\u00e1gina 12<\/h6>\n","protected":false},"excerpt":{"rendered":"<p>Hoy vence el plazo para definir las candidaturas. Tras el fracaso de los intentos para lograr una lista unificada entre la ex vicegobernadora y el senador nacional, Unidad Ciudadana acord\u00f3 respaldar al ex intedente de Rafaela.<\/p>\n","protected":false},"author":2,"featured_media":87305,"comment_status":"closed","ping_status":"closed","sticky":false,"template":"","format":"standard","meta":{"footnotes":""},"categories":[65],"tags":[10],"class_list":["post-87304","post","type-post","status-publish","format-standard","has-post-thumbnail","hentry","category-provincias","tag-santa-fe"],"_links":{"self":[{"href":"http:\/\/argentinamunicipal.com.ar\/argentina\/wp-json\/wp\/v2\/posts\/87304","targetHints":{"allow":["GET"]}}],"collection":[{"href":"http:\/\/argentinamunicipal.com.ar\/argentina\/wp-json\/wp\/v2\/posts"}],"about":[{"href":"http:\/\/argentinamunicipal.com.ar\/argentina\/wp-json\/wp\/v2\/types\/post"}],"author":[{"embeddable":true,"href":"http:\/\/argentinamunicipal.com.ar\/argentina\/wp-json\/wp\/v2\/users\/2"}],"replies":[{"embeddable":true,"href":"http:\/\/argentinamunicipal.com.ar\/argentina\/wp-json\/wp\/v2\/comments?post=87304"}],"version-history":[{"count":0,"href":"http:\/\/argentinamunicipal.com.ar\/argentina\/wp-json\/wp\/v2\/posts\/87304\/revisions"}],"wp:featuredmedia":[{"embeddable":true,"href":"http:\/\/argentinamunicipal.com.ar\/argentina\/wp-json\/wp\/v2\/media\/87305"}],"wp:attachment":[{"href":"http:\/\/argentinamunicipal.com.ar\/argentina\/wp-json\/wp\/v2\/media?parent=87304"}],"wp:term":[{"taxonomy":"category","embeddable":true,"href":"http:\/\/argentinamunicipal.com.ar\/argentina\/wp-json\/wp\/v2\/categories?post=87304"},{"taxonomy":"post_tag","embeddable":true,"href":"http:\/\/argentinamunicipal.com.ar\/argentina\/wp-json\/wp\/v2\/tags?post=87304"}],"curies":[{"name":"wp","href":"https:\/\/api.w.org\/{rel}","templated":true}]}}