{"id":87307,"date":"2019-02-22T05:32:23","date_gmt":"2019-02-22T08:32:23","guid":{"rendered":"http:\/\/argentinamunicipal.com.ar\/argentina\/?p=87307"},"modified":"2019-02-22T07:34:41","modified_gmt":"2019-02-22T10:34:41","slug":"doce-economias-regionales-cerraron-el-2018-en-rojo","status":"publish","type":"post","link":"http:\/\/argentinamunicipal.com.ar\/argentina\/doce-economias-regionales-cerraron-el-2018-en-rojo\/","title":{"rendered":"Doce econom\u00edas regionales cerraron el 2018 en rojo"},"content":{"rendered":"<p>A nadie escapa el hecho de que las econom\u00edas regionales vienen pasando un mal momento, que se agrav\u00f3 durante el\u00a0segundo semestre de 2018\u00a0como consecuencia del alza sostenida de precios que licu\u00f3 la mejora que se obtuvo en el tipo de cambio. As\u00ed surge del nuesvo \u00edndice de competitividad que present\u00f3 esta semana\u00a0Coninagro\u00a0de la mano de la\u00a0consultora Ecolatina.<\/p>\n<p>El estudio, que demand\u00f3 m\u00e1s de seis meses de trabajo conjunto y que muestra la evoluci\u00f3n trimestral de 18 econom\u00edas regionales, cerr\u00f3 el 2018 con saldo negativo. Es que en general, para el promedio de las econom\u00edas analizadas, la\u00a0competitividad\u00a0empeor\u00f3 3,4%\u00a0durante el \u00faltimo trimestre de\u00a02018,\u00a0comparado con el mismo per\u00edodo del a\u00f1o anterior.<\/p>\n<p>En tanto, si se analiza el a\u00f1o completo, el \u00edndice arroja una\u00a0ca\u00edda del 1,6%.\u00a0El indicador que recoge los datos de las producciones de algod\u00f3n, arroz, bovinos, aves, c\u00edtricos, granos, hortalizas, leche, man\u00ed, manzanas, miel, ovinos, papas, peras, porcinos, tabaco, vinos y yerba, muestra que\u00a012 econom\u00edas regionales cerraron el 2018,\u00a0\u00a0complicadas y a la baja, mientras que 6 m\u00e1s, ligadas con el sector exportador y de diferenciaci\u00f3n,\u00a0lograron superar la marca y cerrar en positivo.<\/p>\n<p>Tal como se supon\u00eda, \u00a0uno de los sectores m\u00e1s afectados durante el 2018 fue el man\u00ed,\u00a0que mostr\u00f3 una ca\u00edda del 18,3%, y se convirti\u00f3 en el complejo m\u00e1s afectado por las\u00a0\u201cvariables\u201d argentinas. \u00a0Las cadenas bovinas y av\u00edcolas tambi\u00e9n cerraron el 2018 en rojo, con bajas del\u00a06,1% y del 6,3%\u00a0respectivamente, a lo que se sum\u00f3 el sector l\u00e1cteo, con una p\u00e9rdida de competitividad del\u00a04,5%. Mientras que granos, c\u00edtricos y vino, este \u00faltimo traccionado por el buen desempe\u00f1o de los primeros trimestres,\u00a0mostraron datos positivos.<\/p>\n<p>El mendocino\u00a0Carlos Iannnizzotto, presidente de Coninagro, explic\u00f3 que muchas veces se piensa que el tipo de cambio, al ser las econom\u00edas regionales productoras de bienes transables, es el \u00fanico indicador de competitividad, sin embargo hay otros factores o dimensiones, tal como dice el informe, que tienen una influencia mucho m\u00e1s clara.<\/p>\n<p>\u201cArgentina\u00a0tiene que trabajar en la competitividad, porque es el camino para defender al consumidor, adem\u00e1s de que nos permite tener un mejor producto\u201d,\u00a0asegur\u00f3 Iannizzoto, quien agreg\u00f3 que este tipo de trabajos estad\u00edsticos es un aporte para la toma de \u00a0decisiones y para analizar el impacto de las pol\u00edticas publicas en la competitividad.<\/p>\n<p>Para la construcci\u00f3n del \u00edndice se analizaron diversos aspectos: recursos naturales, infraestructura, poblaci\u00f3n, entorno macroecon\u00f3mico e institucional, desempe\u00f1o econ\u00f3mico, adem\u00e1s del sector externo, entre otros.<\/p>\n<p>\u201cLa conjunci\u00f3n de los diversos\u00a0indicadores\u00a0que componen cada una de estas dimensiones permite obtener un \u00fanico indicador que refleja el desempe\u00f1o de la competitividad multidimensional a lo largo del tiempo\u201d,\u00a0indic\u00f3 Mari\u00e1ngel Ghilardi Sierra, coordinadora de Estudios Sectoriales de Ecolatina.<\/p>\n<p>Si bien el \u00edndice no contempla proyecciones, lo cierto es que desde Ecolatina sostienen que tanto la intenci\u00f3n de siembra como la producci\u00f3n estimada para la pr\u00f3xima campa\u00f1a auguran un avance en el desempe\u00f1o econ\u00f3mico de las \u00a0econom\u00edas \u00a0regionales\u00a0para el 2019, aunque \u201cel consumo \u00a0interno \u00a0continuar\u00e1 debilitado\u201d.<\/p>\n<h6>Fuente: Los Andes<\/h6>\n","protected":false},"excerpt":{"rendered":"<p>A nadie escapa el hecho de que las econom\u00edas regionales vienen pasando un mal momento, que se agrav\u00f3 durante el\u00a0segundo semestre de 2018\u00a0como consecuencia del alza sostenida de precios<\/p>\n","protected":false},"author":2,"featured_media":87308,"comment_status":"closed","ping_status":"closed","sticky":false,"template":"","format":"standard","meta":{"footnotes":""},"categories":[65],"tags":[21],"class_list":["post-87307","post","type-post","status-publish","format-standard","has-post-thumbnail","hentry","category-provincias","tag-argentina"],"_links":{"self":[{"href":"http:\/\/argentinamunicipal.com.ar\/argentina\/wp-json\/wp\/v2\/posts\/87307","targetHints":{"allow":["GET"]}}],"collection":[{"href":"http:\/\/argentinamunicipal.com.ar\/argentina\/wp-json\/wp\/v2\/posts"}],"about":[{"href":"http:\/\/argentinamunicipal.com.ar\/argentina\/wp-json\/wp\/v2\/types\/post"}],"author":[{"embeddable":true,"href":"http:\/\/argentinamunicipal.com.ar\/argentina\/wp-json\/wp\/v2\/users\/2"}],"replies":[{"embeddable":true,"href":"http:\/\/argentinamunicipal.com.ar\/argentina\/wp-json\/wp\/v2\/comments?post=87307"}],"version-history":[{"count":0,"href":"http:\/\/argentinamunicipal.com.ar\/argentina\/wp-json\/wp\/v2\/posts\/87307\/revisions"}],"wp:featuredmedia":[{"embeddable":true,"href":"http:\/\/argentinamunicipal.com.ar\/argentina\/wp-json\/wp\/v2\/media\/87308"}],"wp:attachment":[{"href":"http:\/\/argentinamunicipal.com.ar\/argentina\/wp-json\/wp\/v2\/media?parent=87307"}],"wp:term":[{"taxonomy":"category","embeddable":true,"href":"http:\/\/argentinamunicipal.com.ar\/argentina\/wp-json\/wp\/v2\/categories?post=87307"},{"taxonomy":"post_tag","embeddable":true,"href":"http:\/\/argentinamunicipal.com.ar\/argentina\/wp-json\/wp\/v2\/tags?post=87307"}],"curies":[{"name":"wp","href":"https:\/\/api.w.org\/{rel}","templated":true}]}}