{"id":87328,"date":"2019-02-22T06:04:29","date_gmt":"2019-02-22T09:04:29","guid":{"rendered":"http:\/\/argentinamunicipal.com.ar\/argentina\/?p=87328"},"modified":"2019-02-22T08:06:38","modified_gmt":"2019-02-22T11:06:38","slug":"cristina-y-el-intendente-de-ushuaia-con-la-unidad-como-objetivo","status":"publish","type":"post","link":"http:\/\/argentinamunicipal.com.ar\/argentina\/cristina-y-el-intendente-de-ushuaia-con-la-unidad-como-objetivo\/","title":{"rendered":"Cristina y el intendente de Ushuaia con la unidad como objetivo"},"content":{"rendered":"<p>La ex presidenta y el intendente de Ushuaia se reunieron para evaluar la realidad de la ciudad y la provincia en el contexto nacional. Y\u00a0de cara al a\u00f1o electoral coincidieron en trabajar en Tierra del Fuego por una construcci\u00f3n colectiva que incluya al peronismo y otras fuerzas y sectores.<\/p>\n<p>El intendente Walter Vuoto profundiza el camino en busca del objetivo de lograr de cara a las elecciones municipales, provinciales y nacionales, la unidad del peronismo fueguino, otras fuerzas y representantes que coincidan en la construcci\u00f3n de \u201cuna Tierra del Fuego grande, de desarrollo, soberana\u201d, y donde se coincida que las pol\u00edticas del presidente Mauricio Macri \u201chan lastimado fuertemente a los fueguinos\u201d.<\/p>\n<p>As\u00ed se defini\u00f3 en la reuni\u00f3n que mantuvo en el Instituto Patria con la ex presidenta Cristina Fern\u00e1ndez de Kirchner, con quien analiz\u00f3 la realidad de Ushuaia y de Tierra del Fuego en el contexto de las pol\u00edticas que lleva adelante la gesti\u00f3n Macri.<\/p>\n<p>La reuni\u00f3n del principal referente del kirchnerismo en Tierra del Fuego junto a la ex presidenta se dio el d\u00eda del cumplea\u00f1os de CFK, y sirvi\u00f3 para profundizar los di\u00e1logos y estrategias de cara al 2019.<\/p>\n<p>Hablaron de Ushuaia, de la situaci\u00f3n de Tierra del Fuego, sobre c\u00f3mo est\u00e1n golpeando a los fueguinos las pol\u00edticas de ajuste del Gobierno nacional, y de lo que est\u00e1 haciendo la gesti\u00f3n municipal en materia de recuperaci\u00f3n de derechos y de desarrollo de infraestructura en un contexto totalmente desfavorable, seg\u00fan pudo saber EDFM.<\/p>\n<p>En ese marco y de cara a las elecciones 2019, analizaron que para cambiar el rumbo del pa\u00eds se debe lograr la unidad del peronismo como primer paso, y la convergencia con otros sectores atravesados por su rechazo a las pol\u00edticas de Gobierno nacional, pol\u00edticas de endeudamiento indiscriminado y ajuste que solo lastimaron a los argentinos y principalmente a los fueguinos.<\/p>\n<p>Lograr concretarlo, a pocos meses de la contienda electoral provincial y local, se avizora como un trabajo arduo y no exento de rispideces, pero desde el sector del intendente conf\u00edan en lograrlo y recuerdan el escenario similar que tuvieron en el 2015, donde la unidad fue importante para presentar un proyecto homog\u00e9neo a la sociedad.<\/p>\n<p>\u201cCristina y Walter plantearon en la necesidad de trabajar con todos los sectores para lograr la unidad. Es el mismo pedido que le hizo a los referentes kirchneristas en cada provincia y eso permiti\u00f3 acuerdos en La Pampa, San Juan, Entre R\u00edos y en muchas provincias m\u00e1s. Algo que tambi\u00e9n se est\u00e1 viendo en provincia de Buenos Aires\u201d, destacaron desde el entorno de Vuoto.<\/p>\n<p>Adem\u00e1s, enfatizaron que \u201cel objetivo es recuperar todo lo que se perdi\u00f3 en estos tres a\u00f1os de ajuste y quita de derechos, y para eso todos deben tener en claro que es necesaria la unidad. No es momento de oportunistas y especuladores, no es momento de individualidades, debemos seguir siendo solidarios, construir colectivamente, la gente necesita m\u00e1s que nunca proyectos de unidad\u201d.<\/p>\n<p>Recordaron que \u201cel proyecto Cristina en el orden nacional hizo much\u00edsimo por Tierra del Fuego, fortaleci\u00f3 el polo industrial, tecnol\u00f3gico, tuvo siempre una mirada geoestrat\u00e9gica y destac\u00f3 a nuestra provincia y su importancia tanto para la Argentina como para la regi\u00f3n latinoamericana\u201d.<\/p>\n<p>En este mismo sentido y en b\u00fasqueda de consensos y proyectos en com\u00fan, Vuoto pidi\u00f3 \u201ctrabajar por la unidad, no s\u00f3lo de los dirigentes sino de la sociedad en su conjunto, y fortalecer una real unidad fueguina\u201d.<\/p>\n<h6>Fuente: El Diario del Fin del Mundo<\/h6>\n","protected":false},"excerpt":{"rendered":"<p>La ex presidenta y el intendente de Ushuaia se reunieron para evaluar la realidad de la ciudad y la provincia en el contexto nacional.<\/p>\n","protected":false},"author":2,"featured_media":87329,"comment_status":"closed","ping_status":"closed","sticky":false,"template":"","format":"standard","meta":{"footnotes":""},"categories":[4],"tags":[34],"class_list":["post-87328","post","type-post","status-publish","format-standard","has-post-thumbnail","hentry","category-informe-politico","tag-tierra-del-fuego"],"_links":{"self":[{"href":"http:\/\/argentinamunicipal.com.ar\/argentina\/wp-json\/wp\/v2\/posts\/87328","targetHints":{"allow":["GET"]}}],"collection":[{"href":"http:\/\/argentinamunicipal.com.ar\/argentina\/wp-json\/wp\/v2\/posts"}],"about":[{"href":"http:\/\/argentinamunicipal.com.ar\/argentina\/wp-json\/wp\/v2\/types\/post"}],"author":[{"embeddable":true,"href":"http:\/\/argentinamunicipal.com.ar\/argentina\/wp-json\/wp\/v2\/users\/2"}],"replies":[{"embeddable":true,"href":"http:\/\/argentinamunicipal.com.ar\/argentina\/wp-json\/wp\/v2\/comments?post=87328"}],"version-history":[{"count":0,"href":"http:\/\/argentinamunicipal.com.ar\/argentina\/wp-json\/wp\/v2\/posts\/87328\/revisions"}],"wp:featuredmedia":[{"embeddable":true,"href":"http:\/\/argentinamunicipal.com.ar\/argentina\/wp-json\/wp\/v2\/media\/87329"}],"wp:attachment":[{"href":"http:\/\/argentinamunicipal.com.ar\/argentina\/wp-json\/wp\/v2\/media?parent=87328"}],"wp:term":[{"taxonomy":"category","embeddable":true,"href":"http:\/\/argentinamunicipal.com.ar\/argentina\/wp-json\/wp\/v2\/categories?post=87328"},{"taxonomy":"post_tag","embeddable":true,"href":"http:\/\/argentinamunicipal.com.ar\/argentina\/wp-json\/wp\/v2\/tags?post=87328"}],"curies":[{"name":"wp","href":"https:\/\/api.w.org\/{rel}","templated":true}]}}