{"id":87357,"date":"2019-02-26T06:52:42","date_gmt":"2019-02-26T09:52:42","guid":{"rendered":"http:\/\/argentinamunicipal.com.ar\/argentina\/?p=87357"},"modified":"2019-02-26T06:52:42","modified_gmt":"2019-02-26T09:52:42","slug":"la-oficina-anticorrupcion-archivo-una-denuncia-contra-el-renatre-y-triaca","status":"publish","type":"post","link":"http:\/\/argentinamunicipal.com.ar\/argentina\/la-oficina-anticorrupcion-archivo-una-denuncia-contra-el-renatre-y-triaca\/","title":{"rendered":"La Oficina Anticorrupci\u00f3n archiv\u00f3 una denuncia contra el Renatre y Triaca"},"content":{"rendered":"<p>Laura Alonso lo hizo de nuevo y cajone\u00f3 una presentaci\u00f3n por el desv\u00edo de contratos a empresas fantasma. El \u00abtongo\u00bb entre las patronales agropecuarias, la Uatre y el exministro de Trabajo.<\/p>\n<p>Es una de las funcionarias favoritas de\u00a0Mauricio Macri\u00a0y, a su vez, es\u00a0fan\u00e1tica declarada del \u00abflaco de ojos claros\u00bb\u00a0que gobierna el pa\u00eds desde diciembre de 2015.\u00a0Laura Alonso, una vez m\u00e1s, acaba de ratificar su pertenencia al PRO y su falta total de independencia respecto de la Casa Rosada, algo para lo que su cargo no fue pensado.<\/p>\n<p>La titular de la Oficina Anticorrupci\u00f3n archiv\u00f3 sin investigar una denuncia que involucra al\u00a0Registro Nacional de Trabajadores Rurales y Empleadores (Renatre)y al exministro de Trabajo,\u00a0Jorge Triaca, por presunta\u00a0\u201cadministraci\u00f3n fraudulenta\u201d.<\/p>\n<p>El Renatre maneja los fondos de la seguridad social para los trabajadores y, seg\u00fan se desprende de la denuncia publicada por el diario P\u00e1gina\/12, la entidad manejada por la oficialista Uatre (en la que supo mandar el fallecido\u00a0Ger\u00f3nimo Venegas, amigo de la patronal del campo y de Macri).<\/p>\n<p>Seg\u00fan la presentaci\u00f3n, la Renatre, cubierta por Triaca, desvi\u00f3 millonarios contratos hacia empresas fantasma. Se le hab\u00eda avisado a Triaca de la situaci\u00f3n pero el ahora exministro no respondi\u00f3 al reclamo.<\/p>\n<p>Seg\u00fan puntualiz\u00f3 P\u00e1gina\/12,\u00a0Abel Guerrieri, que fue presidente del organismo hasta fines del a\u00f1o pasado,\u00a0contrat\u00f3 a una empresa \u201cfantasma\u201d\u00a0de nombre\u00a0Biesles SA por m\u00e1s de 9 millones de pesos,\u00a0sumado a otros contratos mensuales hacia la misma empresa, que se mantienen en la actualidad.<\/p>\n<p>\u201cEl Renatre contrat\u00f3 primeramente en forma ileg\u00edtima a una empresa para que audite sus sistemas, y r\u00e1pidamente la volvi\u00f3 a contratar para que le confeccione una gesti\u00f3n integral en la Secretar\u00eda de Inform\u00e1tica y adem\u00e1s confeccione una soluci\u00f3n tecnol\u00f3gica en materia de fiscalizaci\u00f3n. Guerrieri, y su v\u00ednculo muy directo con la Gerente Administrativa y Legal, Erica Vanesa Utrera, administran los recursos del organismo como si fuese dinero propio y sin rendir ning\u00fan tipo de cuenta. Esa relaci\u00f3n es la que permite la realizaci\u00f3n por parte del Presidente de una Administraci\u00f3n Fraudulenta\u201d, puede leerse en la denuncia presentada ante la OA el 21 de diciembre de 2018.<\/p>\n<p>En menos de dos meses la Oficina Anticorrupci\u00f3n archiv\u00f3 el expediente y sostuvo que \u201cel Renatre se maneja como un ente privado\u201d, aunque, puntualmente, es un ente p\u00fablico de car\u00e1cter no estatal. .<\/p>\n<p>\u201cPuede decirse que el Renatre, si bien tiene car\u00e1cter p\u00fablico, reviste el car\u00e1cter de no estatal, ya que el capital de la entidad pertenece a personas privadas (en este caso a los asociados del registro). Es decir que, si bien el Estado, se reserv\u00f3 a s\u00ed mismo la facultad de controlar el registro mediante el nombramiento de dos (2) s\u00edndicos, la direcci\u00f3n y administraci\u00f3n del Organismo se encuentra a cargo de un Directorio, integrado por representantes de los empresarios y trabajadores de la actividad\u201d, sostuvo la OA en su dictamen de clausura del expediente, y agreg\u00f3: \u201cPodemos afirmar que el caso bajo an\u00e1lisis no se circunscribe dentro del \u00e1mbito de actuaci\u00f3n de \u00e9sta OA. Ello debido a que de los mismos no se desprende fundamento alguno que permita encuadrar la situaci\u00f3n descripta como un hecho de corrupci\u00f3n dentro de la Administraci\u00f3n P\u00fablica Nacional\u201d.<\/p>\n<p>Otro trabajo redondo de Alonso, la funcionaria fan.<\/p>\n<h6>Fuente: InfoNews<\/h6>\n","protected":false},"excerpt":{"rendered":"<p>Laura Alonso lo hizo de nuevo y cajone\u00f3 una presentaci\u00f3n por el desv\u00edo de contratos a empresas fantasma. El \u00abtongo\u00bb entre las patronales agropecuarias, la Uatre y el exministro de Trabajo.<\/p>\n","protected":false},"author":2,"featured_media":87358,"comment_status":"closed","ping_status":"closed","sticky":false,"template":"","format":"standard","meta":{"footnotes":""},"categories":[8],"tags":[21],"class_list":["post-87357","post","type-post","status-publish","format-standard","has-post-thumbnail","hentry","category-informe-nacional","tag-argentina"],"_links":{"self":[{"href":"http:\/\/argentinamunicipal.com.ar\/argentina\/wp-json\/wp\/v2\/posts\/87357","targetHints":{"allow":["GET"]}}],"collection":[{"href":"http:\/\/argentinamunicipal.com.ar\/argentina\/wp-json\/wp\/v2\/posts"}],"about":[{"href":"http:\/\/argentinamunicipal.com.ar\/argentina\/wp-json\/wp\/v2\/types\/post"}],"author":[{"embeddable":true,"href":"http:\/\/argentinamunicipal.com.ar\/argentina\/wp-json\/wp\/v2\/users\/2"}],"replies":[{"embeddable":true,"href":"http:\/\/argentinamunicipal.com.ar\/argentina\/wp-json\/wp\/v2\/comments?post=87357"}],"version-history":[{"count":0,"href":"http:\/\/argentinamunicipal.com.ar\/argentina\/wp-json\/wp\/v2\/posts\/87357\/revisions"}],"wp:featuredmedia":[{"embeddable":true,"href":"http:\/\/argentinamunicipal.com.ar\/argentina\/wp-json\/wp\/v2\/media\/87358"}],"wp:attachment":[{"href":"http:\/\/argentinamunicipal.com.ar\/argentina\/wp-json\/wp\/v2\/media?parent=87357"}],"wp:term":[{"taxonomy":"category","embeddable":true,"href":"http:\/\/argentinamunicipal.com.ar\/argentina\/wp-json\/wp\/v2\/categories?post=87357"},{"taxonomy":"post_tag","embeddable":true,"href":"http:\/\/argentinamunicipal.com.ar\/argentina\/wp-json\/wp\/v2\/tags?post=87357"}],"curies":[{"name":"wp","href":"https:\/\/api.w.org\/{rel}","templated":true}]}}