{"id":87360,"date":"2019-02-26T06:55:38","date_gmt":"2019-02-26T09:55:38","guid":{"rendered":"http:\/\/argentinamunicipal.com.ar\/argentina\/?p=87360"},"modified":"2019-02-26T06:55:38","modified_gmt":"2019-02-26T09:55:38","slug":"la-auh-cada-vez-mas-devaluada","status":"publish","type":"post","link":"http:\/\/argentinamunicipal.com.ar\/argentina\/la-auh-cada-vez-mas-devaluada\/","title":{"rendered":"La AUH cada vez m\u00e1s devaluada"},"content":{"rendered":"<p>En marzo, la Asignaci\u00f3n Universal por Hijo se actualizar\u00e1 con la ley de movilidad. Un an\u00e1lisis del Observatorio del Derecho Social de la CTA detalla que ni as\u00ed compensar\u00e1 la p\u00e9rdida de poder de compra, que seguir\u00e1 en ca\u00edda.<\/p>\n<p>Desde el 1\u00ba de marzo la Asignaci\u00f3n Universal por Hijo tendr\u00e1 un aumento por la aplicaci\u00f3n de la ley de movilidad. Como el \u00edndice de actualizaci\u00f3n est\u00e1 vinculado a la inflaci\u00f3n pasada y se concreta con un delay de seis meses, comenzar\u00e1 a impactar sobre la AUH el per\u00edodo de mayor suba de los precios del a\u00f1o pasado. Sin embargo, un an\u00e1lisis del Observatorio del Derecho Social de la CTA advierte que ni a\u00fan as\u00ed su valor real de compra puede recomponerse. El panorama indica que seguir\u00e1 sufriendo un fuerte deterioro en 2019, atenuado apenas por muy leves recuperaciones.<\/p>\n<p>La f\u00f3rmula de movilidad de la AUH es la que sancion\u00f3 el Congreso con los votos de Cambiemos en diciembre de 2017, mientras en la plaza una multitudinaria manifestaci\u00f3n de protesta era reprimida. Se aplica a jubilaciones, pensiones y asignaciones familiares.<\/p>\n<p>El informe del Observatorio polemiza con los medios que, apoy\u00e1ndose en el rezago de seis meses con que la f\u00f3rmula se traslada a los haberes (a los que ahora se aplicar\u00e1 la inflaci\u00f3n de los peores seis meses de 2018), dieron la buena noticia del comienzo de su recuperaci\u00f3n.<\/p>\n<p>Luis Campos, coordinador del Observatorio explic\u00f3 que hay tres razones por las que no ser\u00e1 as\u00ed:<\/p>\n<p>El dato clave es que los beneficiarios de la AUH gastan pr\u00e1cticamente todos sus ingresos en la compra de alimentos y el pago de servicios p\u00fablicos, los dos rubros que concentraron los mayores aumentos de precios. La ley de movilidad toma para su c\u00e1lculo el Indice de Precios al Consumidor (IPC), que incluye adem\u00e1s de esos rubros otros items. Por esto, aunque el \u00edndice de precios utilizado fue elevad\u00edsimo, no alcanz\u00f3 los niveles de inflaci\u00f3n sufridos por los sectores de menores ingresos, que fue todav\u00eda mayor. \u201cEn el caso de la AUH, la f\u00f3rmula ser\u00eda mucho m\u00e1s acertada si tomara no el IPC sino a la Canasta B\u00e1sica de Alimentos. Por ejemplo, en enero la inflaci\u00f3n anual medida por el IPC fue del 49,3 por ciento, pero medida por la Canasta B\u00e1sica de Alimentos aument\u00f3 en un 55,8 por ciento\u201d, apunt\u00f3 Campos. Son seis puntos de diferencia. En el Observatorio marcan que esta es una brecha que se acentu\u00f3 a partir de septiembre debido a que hubo devaluaci\u00f3n, que incide m\u00e1s en los precios de los alimentos.<br \/>\nEl ajuste se realiza s\u00f3lo en un 70 por ciento en funci\u00f3n de la inflaci\u00f3n. En el 30 por ciento restante depende del \u00edndice Ripte, que depende de los salarios. \u201cHace seis meses, la inflaci\u00f3n estaba en los niveles m\u00e1s altos, pero los salarios estaba creciendo a niveles muy bajos. As\u00ed, ese 30 por ciento de ajuste por el Ripte baja el porcentaje de incremento de la movilidad. Es decir que el porcentaje de ajuste para la AUH va a ser ya de movida m\u00e1s bajo que la inflaci\u00f3n\u201d, se\u00f1al\u00f3 Campos.<br \/>\nLa suba de los precios no se est\u00e1 desacelerando. \u201cEn los primeros meses de este a\u00f1o por lo pronto, la inflaci\u00f3n va a seguir en los niveles en los que ven\u00eda en los \u00faltimos meses del a\u00f1o pasado, con lo cual por m\u00e1s que la asignaci\u00f3n tenga un aumento aplicando un \u00edndice en base a los meses de mayor inflaci\u00f3n del a\u00f1o pasado, lo que se recupere no va a ser tanto\u201d.<br \/>\nSeg\u00fan el c\u00e1lculo del centro de estudios, en enero pasado el valor real de la AUH cay\u00f3 un 17 por ciento en comparaci\u00f3n con enero de 2018, y entre marzo y mayo (es decir, cuando ya est\u00e9 vigente el nuevo aumento), la ca\u00edda en comparaci\u00f3n con el 2018 va a ser del 14 por ciento en promedio. Esto implica que apenas va a estar creciendo en comparaci\u00f3n con el trimestre anterior, muy marginalmente.<\/p>\n<p>Volcado todo esto a proyecciones, los autores del trabajo estimaron el poder de compra de la AUH una vez que reciba los aumentos ya anunciados para 2019. Luego les descont\u00f3 la suba de precio de la Canasta B\u00e1sica Alimentaria del Indec. As\u00ed concluy\u00f3 que aunque en los medios masivos de comunicaci\u00f3n se insista en que a partir de marzo los incrementos ser\u00e1n sustancialmente superiores a la inflaci\u00f3n, recuperando los niveles del a\u00f1o anterior, la realidad es que la ca\u00edda del poder de compra de la AUH seguir\u00e1 siendo muy marcada: en marzo, con la Asignaci\u00f3n los beneficiarios podr\u00e1n comprar un 13,4 por ciento menos que en marzo del 2018; en abril, un 15 por ciento menos que el mismo mes del a\u00f1o anterior.<\/p>\n<p>Las ca\u00eddas interanuales, dice el Observatorio, seguir\u00e1n siendo de dos d\u00edgitos y reci\u00e9n a partir de junio las p\u00e9rdidas pueden llegar estar por debajo del 10 por ciento; pero ni siquiera as\u00ed habr\u00eda una recuperaci\u00f3n de lo perdido.<\/p>\n<h6>Fuente: P\u00e1gina 12<\/h6>\n","protected":false},"excerpt":{"rendered":"<p>En marzo, la Asignaci\u00f3n Universal por Hijo se actualizar\u00e1 con la ley de movilidad. Un an\u00e1lisis del Observatorio del Derecho Social de la CTA detalla que ni as\u00ed compensar\u00e1 la p\u00e9rdida de poder de compra, que seguir\u00e1 en ca\u00edda.<\/p>\n","protected":false},"author":2,"featured_media":87361,"comment_status":"closed","ping_status":"closed","sticky":false,"template":"","format":"standard","meta":{"footnotes":""},"categories":[8],"tags":[21],"class_list":["post-87360","post","type-post","status-publish","format-standard","has-post-thumbnail","hentry","category-informe-nacional","tag-argentina"],"_links":{"self":[{"href":"http:\/\/argentinamunicipal.com.ar\/argentina\/wp-json\/wp\/v2\/posts\/87360","targetHints":{"allow":["GET"]}}],"collection":[{"href":"http:\/\/argentinamunicipal.com.ar\/argentina\/wp-json\/wp\/v2\/posts"}],"about":[{"href":"http:\/\/argentinamunicipal.com.ar\/argentina\/wp-json\/wp\/v2\/types\/post"}],"author":[{"embeddable":true,"href":"http:\/\/argentinamunicipal.com.ar\/argentina\/wp-json\/wp\/v2\/users\/2"}],"replies":[{"embeddable":true,"href":"http:\/\/argentinamunicipal.com.ar\/argentina\/wp-json\/wp\/v2\/comments?post=87360"}],"version-history":[{"count":0,"href":"http:\/\/argentinamunicipal.com.ar\/argentina\/wp-json\/wp\/v2\/posts\/87360\/revisions"}],"wp:featuredmedia":[{"embeddable":true,"href":"http:\/\/argentinamunicipal.com.ar\/argentina\/wp-json\/wp\/v2\/media\/87361"}],"wp:attachment":[{"href":"http:\/\/argentinamunicipal.com.ar\/argentina\/wp-json\/wp\/v2\/media?parent=87360"}],"wp:term":[{"taxonomy":"category","embeddable":true,"href":"http:\/\/argentinamunicipal.com.ar\/argentina\/wp-json\/wp\/v2\/categories?post=87360"},{"taxonomy":"post_tag","embeddable":true,"href":"http:\/\/argentinamunicipal.com.ar\/argentina\/wp-json\/wp\/v2\/tags?post=87360"}],"curies":[{"name":"wp","href":"https:\/\/api.w.org\/{rel}","templated":true}]}}