{"id":87374,"date":"2019-02-26T07:21:27","date_gmt":"2019-02-26T10:21:27","guid":{"rendered":"http:\/\/argentinamunicipal.com.ar\/argentina\/?p=87374"},"modified":"2019-02-26T07:21:27","modified_gmt":"2019-02-26T10:21:27","slug":"por-que-cae-el-consumo","status":"publish","type":"post","link":"http:\/\/argentinamunicipal.com.ar\/argentina\/por-que-cae-el-consumo\/","title":{"rendered":"\u00bfPor qu\u00e9 cae el consumo?"},"content":{"rendered":"<p>Las ventas bajaron 3 y 2,4 por ciento durante 2018. Las razones de una ca\u00edda que se profundiz\u00f3 al ritmo de la corrida cambiaria y el programa de austeridad.<\/p>\n<p>Con un desplome del 8,7 por ciento en diciembre, las cantidades vendidas por los supermercados cerraron 2018 con una contracci\u00f3n del 3 por ciento. La ca\u00edda del consumo interno se explica por la ca\u00edda en el poder adquisitivo de los salarios, la precarizaci\u00f3n laboral, la destrucci\u00f3n de puestos de trabajo, el desmantelamiento de Precios Cuidados, las altas tasas de inter\u00e9s y la p\u00e9rdida en la capacidad de compra de los jubilados. Los elementos forman parte de la escenograf\u00eda econ\u00f3mica instalada a lo largo de los \u00faltimos tres a\u00f1os pero sus dosis se incrementaron al ritmo de la corrida cambiaria y el programa de austeridad. El costo de la aparente estabilizaci\u00f3n financiera alcanzada a trav\u00e9s del plan de ajuste fiscal, contracci\u00f3n monetaria y libre flotaci\u00f3n del d\u00f3lar supervisado por el FMI fue la profundizaci\u00f3n del escenario recesivo. La crisis se extendi\u00f3 sobre alguna de las grandes cadenas como Carrefour, Walmart y D\u00eda que en ese contexto comenzaron a cerrar locales y despedir trabajadores. Aunque incrementaron su participaci\u00f3n en las ventas totales, los autoservicios mayoristas marcaron una merma de 12,4 por ciento en diciembre y una contracci\u00f3n de 3,2 por ciento en el a\u00f1o. Los informes difundidos por el Indec muestran adem\u00e1s que las cantidades vendidas por los shoppings cedieron un 13,3 por ciento al finalizar el a\u00f1o pasado. Con ese desempe\u00f1o, la facturaci\u00f3n acumul\u00f3 una merma de 2,4 por ciento en doce meses.<\/p>\n<p>Uno de los factores fundamentales para explicar la ca\u00edda en las ventas de los supermercados y mayoristas es la p\u00e9rdida en la capacidad de compra de los salarios que el a\u00f1o pasado experiment\u00f3 su mayor ca\u00edda desde 2002. Estimaciones elaboradas por el programa de Capacitaci\u00f3n y Estudios sobre Trabajo y Desarrollo (Cetyd) de la Universidad de San Mart\u00edn indican que el poder adquisitivo se contrajo en promedio un 13 por ciento a lo largo de 2018. Los trabajadores estatales, los gastron\u00f3micos, los empleados de la industria del calzado anotaron las ca\u00eddas m\u00e1s relevantes. Los trabajadores del sector no fueron ajenos a la contracci\u00f3n de los ingresos. Como evidencia el reporte del Indec, el salario promedio de los cajeros, administrativos y repositores de los supermercados marc\u00f3 en diciembre un aumento de 24,7 por ciento frente al mismo mes del a\u00f1o anterior. La cifra est\u00e1 m\u00e1s de 23 puntos porcentuales por debajo de la inflaci\u00f3n que escal\u00f3 hasta 47,6 por ciento en diciembre pasado.<\/p>\n<p>La destrucci\u00f3n de empleo constituye otro elemento relevante para evaluar la contracci\u00f3n del consumo interno. Las \u00faltimas cifras oficiales publicadas muestran que en noviembre se contabilizaban 172.200 puestos de trabajo registrados menos que el mismo mes del a\u00f1o anterior. Entre los sectores m\u00e1s afectados sobresalen la industria y el comercio. Las cifras publicadas ayer por el Indec corroboran el impacto sobre las grandes cadenas de supermercados como Carrefour, Walmart y D\u00eda. La ca\u00edda de 3,3 por ciento interanual en la cantidad de cajeros, administrativos y repositores del sector representa la destrucci\u00f3n de 3074 empleos en diciembre pasado frente al mismo mes del a\u00f1o anterior.<\/p>\n<p>Entre los centros de compras relevados se destac\u00f3 la contracci\u00f3n de 23,4 por ciento en las ventas de electrodom\u00e9sticos. La ca\u00edda registrada entre los shoppings ubicados en el conurbano bonaerense est\u00e1 expresada en t\u00e9rminos nominales. O sea, las ventas de los electrodom\u00e9sticos se desplomaron incluso si no se contempla el impacto de la inflaci\u00f3n. El segmento se vio afectado por los aumentos en los productos importados tras la devaluaci\u00f3n y el deterioro en las condiciones de financiamiento por el aumento en las tasas.<\/p>\n<p>Con menos rezago que las cifras oficiales, el indicador de consumo elaborado por el Instituto de Trabajo y Econom\u00eda (ITE) que depende de la Fundaci\u00f3n Germ\u00e1n Abdala se contrajo en enero un 9,3 por ciento frente al mismo mes del a\u00f1o pasado. La octava contracci\u00f3n consecutiva estuvo explicada por la ca\u00edda interanual en las ventas de autos del 54 por ciento mientras que el IVA marc\u00f3 una baja de 8,1 por ciento. Entre los elementos que componen el indicador figura el elaborado por la C\u00e1mara Argentina de la Mediana Empresa (CAME) donde las ventas minoristas se desplomaron un 10 por ciento en enero.<\/p>\n<h6>Fuente: P\u00e1gina 12<\/h6>\n","protected":false},"excerpt":{"rendered":"<p>Las ventas bajaron 3 y 2,4 por ciento durante 2018. Las razones de una ca\u00edda que se profundiz\u00f3 al ritmo de la corrida cambiaria y el programa de austeridad.<\/p>\n","protected":false},"author":2,"featured_media":87375,"comment_status":"closed","ping_status":"closed","sticky":false,"template":"","format":"standard","meta":{"footnotes":""},"categories":[8],"tags":[21],"class_list":["post-87374","post","type-post","status-publish","format-standard","has-post-thumbnail","hentry","category-informe-nacional","tag-argentina"],"_links":{"self":[{"href":"http:\/\/argentinamunicipal.com.ar\/argentina\/wp-json\/wp\/v2\/posts\/87374","targetHints":{"allow":["GET"]}}],"collection":[{"href":"http:\/\/argentinamunicipal.com.ar\/argentina\/wp-json\/wp\/v2\/posts"}],"about":[{"href":"http:\/\/argentinamunicipal.com.ar\/argentina\/wp-json\/wp\/v2\/types\/post"}],"author":[{"embeddable":true,"href":"http:\/\/argentinamunicipal.com.ar\/argentina\/wp-json\/wp\/v2\/users\/2"}],"replies":[{"embeddable":true,"href":"http:\/\/argentinamunicipal.com.ar\/argentina\/wp-json\/wp\/v2\/comments?post=87374"}],"version-history":[{"count":0,"href":"http:\/\/argentinamunicipal.com.ar\/argentina\/wp-json\/wp\/v2\/posts\/87374\/revisions"}],"wp:featuredmedia":[{"embeddable":true,"href":"http:\/\/argentinamunicipal.com.ar\/argentina\/wp-json\/wp\/v2\/media\/87375"}],"wp:attachment":[{"href":"http:\/\/argentinamunicipal.com.ar\/argentina\/wp-json\/wp\/v2\/media?parent=87374"}],"wp:term":[{"taxonomy":"category","embeddable":true,"href":"http:\/\/argentinamunicipal.com.ar\/argentina\/wp-json\/wp\/v2\/categories?post=87374"},{"taxonomy":"post_tag","embeddable":true,"href":"http:\/\/argentinamunicipal.com.ar\/argentina\/wp-json\/wp\/v2\/tags?post=87374"}],"curies":[{"name":"wp","href":"https:\/\/api.w.org\/{rel}","templated":true}]}}