{"id":87385,"date":"2019-02-26T05:40:16","date_gmt":"2019-02-26T08:40:16","guid":{"rendered":"http:\/\/argentinamunicipal.com.ar\/argentina\/?p=87385"},"modified":"2019-02-26T07:43:00","modified_gmt":"2019-02-26T10:43:00","slug":"comedores-marplatenses-en-alerta-advierten-que-casi-el-50-de-los-ninos-y-ninas-presentan-malnutricion","status":"publish","type":"post","link":"http:\/\/argentinamunicipal.com.ar\/argentina\/comedores-marplatenses-en-alerta-advierten-que-casi-el-50-de-los-ninos-y-ninas-presentan-malnutricion\/","title":{"rendered":"Comedores marplatenses en alerta: advierten que casi el 50% de los ni\u00f1os y ni\u00f1as presentan malnutrici\u00f3n"},"content":{"rendered":"<p>El dato surge del informe elaborado por el Instituto de Investigaci\u00f3n ISEPCI junto a Barrios de Pie sobre alimentaci\u00f3n infantil. La obesidad alcanza al 24,61% de los j\u00f3venes relevados.<\/p>\n<p>El\u00a0Instituto de Investigaci\u00f3n ISEPCI\u00a0(Instituto de Investigaci\u00f3n Social, Econ\u00f3mica y Pol\u00edtica Ciudadana) present\u00f3 junto a la organizaci\u00f3n social Barrios de Pie el 5\u00b0 informe preliminar sobre el\u00a0Indicador barrial de situaci\u00f3n nutricional\u00a0(Ibsn) en General Pueyrredon, relevado en el segundo semestre de 2018\u00a0sobre una muestra de\u00a01432 ni\u00f1os, ni\u00f1as y adolescentes de 0 a 19 a\u00f1os.<\/p>\n<p>Los datos fueron presentados este lunes por el director del Instituto, Rodrigo Blanco, y no arrojaron\u00a0conclusiones positivas. Seg\u00fan consta en el informe, de 1.280 casos de entre 2 y 19 a\u00f1os que asisten a alguno de los 48 comedores del Movimiento Barrios de Pie -presente en 37 barrios del municipio-,\u00a0un 49,38% presenta alguna variante de malnutrici\u00f3n.<\/p>\n<p>Los \u00edndice m\u00e1s alarmantes son los de\u00a0sobrepeso y obesidad, presentes en el\u00a0de 22,42% y 24,61%de los encuestados, respectivamente.\u00a0El bajo peso solo apareci\u00f3 en\u00a0el 2,34% de\u00a0los estudios.<\/p>\n<p>En cuanto a los\u00a0lactantes medidos\u00a0(152 ni\u00f1os y ni\u00f1as de 0 a 2 a\u00f1os), el estudio advirti\u00f3 que \u201cla\u00a0alta prevalencia de los indicadores de sobrepeso (9,87%) y de obesidad (9,87%) por sobre el indicador de d\u00e9ficit por bajo peso (4.10%), es preocupante porque est\u00e1 comprobado que los aumentos excesivos de masa grasa desde incluso los primeros meses de vida predisponen al sobrepeso y la\u00a0obesidad en la infancia y la adolescencia\u201d.<\/p>\n<p>Los resultados mostraron a su vez un aumento en relaci\u00f3n a los \u00faltimos \u00edndices registrados por el Instituto, que para el primer semestre del a\u00f1o pasado, en el grupo etario de 2-19, hab\u00edan arrojado un\u00a045% de malnutrici\u00f3n.<\/p>\n<p>Vale destacar que dicha medici\u00f3n se hab\u00eda hecho sobre una muestra total significativamente menor a la utilizada en el trabajo presentado este lunes (503 contra 1432). Algo que pone en debate otra de las conclusiones del informe:\u00a0el incremento de los merenderos y comedores en los barrios de Mar del Plata y Bat\u00e1n.<\/p>\n<p>Mientras la primera mitad de a\u00f1o el estudio se realiz\u00f3 en base a 20 de estos espacios, el informe presentado este lunes se realiz\u00f3 sobre 48, m\u00e1s de la mitad.<\/p>\n<p>Para Blanco y el equipo de profesionales que participaron del estudio,\u00a0\u201cestas cifras nos afirman la tendencia de que la malnutrici\u00f3n infantil se ha consolidado en cifras cercanas al 50% en los \u00faltimos a\u00f1os, con \u00e9nfasis en el sobrepeso y la obesidad, lo cual pone en evidencia la existencia de\u00a0problemas cr\u00f3nicos y estructurales\u00a0en una buena parte de la poblaci\u00f3n para acceder a alimentos nutritivos en cantidad y calidad necesarios\u201d.<\/p>\n<p>La consecuencia de \u201ch\u00e1bitos sedentarios y escasa actividad f\u00edsica\u201d es una de las principales razones de los resultados, para los especialistas, quienes a su vez apuntaron a cu\u00e1les son las \u201cofertas recreativas y deportivas en los barrios\u201d.<\/p>\n<p>En cuanto a la malnutrici\u00f3n en el grupo de 0 a 2 a\u00f1os, el equipo del ISEPC advirti\u00f3 sobre algunas de las posibles causas de este fen\u00f3meno.<\/p>\n<p>Seg\u00fan se\u00f1alaron, \u201cen la mayor\u00eda de los casos, son\u00a0factores modificables durante el embarazo\u00a0(bajo o alto peso del ni\u00f1o al nacer, ganancia de peso excesiva de la madre, diabetes durante el embarazo),\u00a0complementaci\u00f3n de la lactancia materna\u00a0con otras leches de manera temprana (en muchos casos por la necesidad de la madre de salir al mercado laboral precarizada sin contar con la posibilidad de amamantar al lactante) o\u00a0causas prevenibles durante los primeros meses de vida\u00a0(consumo de alimentos con alto contenido cal\u00f3rico pero bajo valor nutricional, complementaci\u00f3n inadecuada de la lactancia materna)\u201d.<\/p>\n<p>Otro de los puntos en los que hace hincapi\u00e9 el estudio es en la atenci\u00f3n sanitaria de estos casos en los diferentes espacios p\u00fablicos de la ciudad. De hecho, los especialistas destacaron con preocupaci\u00f3n que \u201cla ineficacia del sistema sanitario para detectar y tratar a estos ni\u00f1os\u00a0nos habla de que no solo las estrategias de prevenci\u00f3n y promoci\u00f3n est\u00e1n fallando, sino tambi\u00e9n el derecho de esta poblaci\u00f3n a acceder a una atenci\u00f3n oportuna\u201d.<\/p>\n<p>\u201c(Los resultados) ponen en evidencia la preocupante vulnerabilidad nutricional en la que se encuentra la poblaci\u00f3n, que asiste a merenderos y comedores del Movimiento Barrios de Pie, que hoy estar\u00edan siendo afectados por una alimentaci\u00f3n inadecuada para su edad, lo cual de no modificarse, abre las puertas a enfermedades tanto en lo inmediato como en la edad adulta. Limitando su crecimiento y desarrollo integral tanto f\u00edsico como psicosocial, deteriorando su calidad de vida\u201d, se\u00f1ala el informe.<\/p>\n<p><strong>Contexto econ\u00f3mico\u00a0<\/strong><\/p>\n<p>Por otra parte, el estudio tambi\u00e9n aborda la cuesti\u00f3n econ\u00f3mica y social de los grupos analizados como otra causal del estado alimenticio de los ni\u00f1os, ni\u00f1as y adolescentes del municipio.<\/p>\n<p>Para ello, advirtieron que\u00a0\u00cdndice Barrial de Precios (IBP) aporta informaci\u00f3n sensible a la hora de analizar la accesibilidad a los alimentos, afirmando que el proceso inflacionario creciente impact\u00f3 fuertemente desde diciembre 2017 a diciembre 2018, ya que los alimentos de la canasta b\u00e1sica aumentaron en un 59%.<\/p>\n<p>\u201cEsto compromete seriamente las posibilidades de las familias de los sectores m\u00e1s vulnerables para cubrir sus necesidades nutricionales. Como se desprende de este relevamiento, que realizamos mensualmente, donde analizamos la variaci\u00f3n de precios de los 57 productos que componen la Canasta B\u00e1sica de Alimentos, se abre una clara brecha entre la suba de estos productos, los fuertes incrementos de tarifas y combustibles, en relaci\u00f3n con los aumentos otorgados a las jubilaciones, los salarios m\u00ednimos y a la AUH, lo que provoca un fuerte deterioro en los ingresos de los sectores m\u00e1s humildes\u201d, indicaron.<\/p>\n<p>A su vez, advirtieron que \u201cprofundiza esta situaci\u00f3n la incompleta oferta de las pol\u00edticas p\u00fablicas para combatir la<br \/>\nmalnutrici\u00f3n\u201d. Y agregaron: \u201cLos comedores escolares, m\u00e1s all\u00e1 de los anuncios oficiales, contin\u00faan brindando en su gran mayor\u00eda, men\u00fas con alto contenido cal\u00f3rico, pero baja calidad nutritiva, con escasa presencia de frutas y l\u00e1cteos, y altos vol\u00famenes de grasas, az\u00facar y sal. El presupuesto asignado, todav\u00eda insuficiente, debilita el rol prioritario de garantizar una dieta rica en nutrientes\u201d.<\/p>\n<h6>Fuente: La capital<\/h6>\n","protected":false},"excerpt":{"rendered":"<p>El dato surge del informe elaborado por el Instituto de Investigaci\u00f3n ISEPCI junto a Barrios de Pie sobre alimentaci\u00f3n infantil. La obesidad alcanza al 24,61% de los j\u00f3venes relevados.<\/p>\n","protected":false},"author":2,"featured_media":87386,"comment_status":"closed","ping_status":"closed","sticky":false,"template":"","format":"standard","meta":{"footnotes":""},"categories":[2],"tags":[12],"class_list":["post-87385","post","type-post","status-publish","format-standard","has-post-thumbnail","hentry","category-informe-municipal","tag-buenos-aires"],"_links":{"self":[{"href":"http:\/\/argentinamunicipal.com.ar\/argentina\/wp-json\/wp\/v2\/posts\/87385","targetHints":{"allow":["GET"]}}],"collection":[{"href":"http:\/\/argentinamunicipal.com.ar\/argentina\/wp-json\/wp\/v2\/posts"}],"about":[{"href":"http:\/\/argentinamunicipal.com.ar\/argentina\/wp-json\/wp\/v2\/types\/post"}],"author":[{"embeddable":true,"href":"http:\/\/argentinamunicipal.com.ar\/argentina\/wp-json\/wp\/v2\/users\/2"}],"replies":[{"embeddable":true,"href":"http:\/\/argentinamunicipal.com.ar\/argentina\/wp-json\/wp\/v2\/comments?post=87385"}],"version-history":[{"count":0,"href":"http:\/\/argentinamunicipal.com.ar\/argentina\/wp-json\/wp\/v2\/posts\/87385\/revisions"}],"wp:featuredmedia":[{"embeddable":true,"href":"http:\/\/argentinamunicipal.com.ar\/argentina\/wp-json\/wp\/v2\/media\/87386"}],"wp:attachment":[{"href":"http:\/\/argentinamunicipal.com.ar\/argentina\/wp-json\/wp\/v2\/media?parent=87385"}],"wp:term":[{"taxonomy":"category","embeddable":true,"href":"http:\/\/argentinamunicipal.com.ar\/argentina\/wp-json\/wp\/v2\/categories?post=87385"},{"taxonomy":"post_tag","embeddable":true,"href":"http:\/\/argentinamunicipal.com.ar\/argentina\/wp-json\/wp\/v2\/tags?post=87385"}],"curies":[{"name":"wp","href":"https:\/\/api.w.org\/{rel}","templated":true}]}}