{"id":87400,"date":"2019-02-26T05:55:49","date_gmt":"2019-02-26T08:55:49","guid":{"rendered":"http:\/\/argentinamunicipal.com.ar\/argentina\/?p=87400"},"modified":"2019-02-26T07:57:27","modified_gmt":"2019-02-26T10:57:27","slug":"el-intendente-de-parana-buscara-su-reeleccion-en-el-municipio-con-una-lista-de-fuerte-impronta-radical","status":"publish","type":"post","link":"http:\/\/argentinamunicipal.com.ar\/argentina\/el-intendente-de-parana-buscara-su-reeleccion-en-el-municipio-con-una-lista-de-fuerte-impronta-radical\/","title":{"rendered":"El intendente de Paran\u00e1 buscar\u00e1 su reelecci\u00f3n en el Municipio con una lista de fuerte impronta radical\u00a0"},"content":{"rendered":"<p>El intendente de Paran\u00e1 Sergio Varisco competir\u00e1 en las elecciones primarias de abril en b\u00fasqueda de su reelecci\u00f3n con una lista donde sobresalen nombres ligados al radicalismo y de su c\u00edrculo m\u00e1s cercano \u2022 El actual edil Carlos Gonz\u00e1lez ser\u00e1 el postulante a viceintendente mientras que la n\u00f3mina de concejales se compondr\u00e1 de muchas figuras de su actual gabinete, seg\u00fan pudo saber APFDigital<\/p>\n<p>El actual secretario Legal y T\u00e9cnico, Walter Rolandelli, encabezar\u00e1 la lista de ediles, seguido por Claudia Acevedo; Francisco Avero; Ana Sione; Santiago Cucaro Larrachado; Graciela Almada; Luis D\u00edaz y Candela Carminio.<\/p>\n<p>Tambi\u00e9n integran la lista como candidatos titulares Pablo Gabioud; Graciela M\u00e1ntaras; Roberto L\u00f3pez; Rosa Hojman; Hugo Vergara; Ileana Ber\u00f3n y Ricardo D\u00edaz.<\/p>\n<h6>Fuente: APFDigital<\/h6>\n","protected":false},"excerpt":{"rendered":"<p>El intendente de Paran\u00e1 Sergio Varisco competir\u00e1 en las elecciones primarias de abril en b\u00fasqueda de su reelecci\u00f3n con una lista donde sobresalen nombres ligados al radicalismo y de su c\u00edrculo m\u00e1s cercano <\/p>\n","protected":false},"author":2,"featured_media":87401,"comment_status":"closed","ping_status":"closed","sticky":false,"template":"","format":"standard","meta":{"footnotes":""},"categories":[4],"tags":[17],"class_list":["post-87400","post","type-post","status-publish","format-standard","has-post-thumbnail","hentry","category-informe-politico","tag-entre-rios"],"_links":{"self":[{"href":"http:\/\/argentinamunicipal.com.ar\/argentina\/wp-json\/wp\/v2\/posts\/87400","targetHints":{"allow":["GET"]}}],"collection":[{"href":"http:\/\/argentinamunicipal.com.ar\/argentina\/wp-json\/wp\/v2\/posts"}],"about":[{"href":"http:\/\/argentinamunicipal.com.ar\/argentina\/wp-json\/wp\/v2\/types\/post"}],"author":[{"embeddable":true,"href":"http:\/\/argentinamunicipal.com.ar\/argentina\/wp-json\/wp\/v2\/users\/2"}],"replies":[{"embeddable":true,"href":"http:\/\/argentinamunicipal.com.ar\/argentina\/wp-json\/wp\/v2\/comments?post=87400"}],"version-history":[{"count":0,"href":"http:\/\/argentinamunicipal.com.ar\/argentina\/wp-json\/wp\/v2\/posts\/87400\/revisions"}],"wp:featuredmedia":[{"embeddable":true,"href":"http:\/\/argentinamunicipal.com.ar\/argentina\/wp-json\/wp\/v2\/media\/87401"}],"wp:attachment":[{"href":"http:\/\/argentinamunicipal.com.ar\/argentina\/wp-json\/wp\/v2\/media?parent=87400"}],"wp:term":[{"taxonomy":"category","embeddable":true,"href":"http:\/\/argentinamunicipal.com.ar\/argentina\/wp-json\/wp\/v2\/categories?post=87400"},{"taxonomy":"post_tag","embeddable":true,"href":"http:\/\/argentinamunicipal.com.ar\/argentina\/wp-json\/wp\/v2\/tags?post=87400"}],"curies":[{"name":"wp","href":"https:\/\/api.w.org\/{rel}","templated":true}]}}