{"id":87425,"date":"2019-02-27T06:57:44","date_gmt":"2019-02-27T09:57:44","guid":{"rendered":"http:\/\/argentinamunicipal.com.ar\/argentina\/?p=87425"},"modified":"2019-02-27T06:57:44","modified_gmt":"2019-02-27T09:57:44","slug":"la-caida-del-salario-minimo-vital-y-movil-en-2019","status":"publish","type":"post","link":"http:\/\/argentinamunicipal.com.ar\/argentina\/la-caida-del-salario-minimo-vital-y-movil-en-2019\/","title":{"rendered":"La ca\u00edda del salario m\u00ednimo, vital y m\u00f3vil en 2019"},"content":{"rendered":"<p>( Por Juan Pablo Chiesa*-Urgente24).- La ley de contrato de trabajo denomina al Salario M\u00ednimo Vital y M\u00f3vil como la menor remuneraci\u00f3n que debe percibir en efectivo el trabajador sin cargas de familia, en su jornada legal de trabajo, de modo que le asegure alimentaci\u00f3n adecuada, vivienda digna, educaci\u00f3n, vestuario, asistencia sanitaria, transporte y esparcimiento, vacaciones y previsi\u00f3n.<\/p>\n<p>Del concepto legal surge que se trata de la remuneraci\u00f3n m\u00ednima en efectivo que tiene derecho a percibir un trabajador dependiente; es decir, ning\u00fan trabajador en relaci\u00f3n de dependencia puede ganar una remuneraci\u00f3n menor, puesto que, es el piso de todas las remuneraciones.<\/p>\n<p>El SMVM es de car\u00e1cter imperativo, protectorio e inembargable, y es consecuencia inmediata del orden p\u00fablico laboral.<\/p>\n<p>La fijaci\u00f3n del SMVM es tarea del Consejo Nacional del Empleo, la Productividad y el Salario M\u00ednimo Vital y M\u00f3vil dependiente de la Secretaria de Trabajo de la Naci\u00f3n.<\/p>\n<p>El SMVM, actualmente, desde el mes de diciembre esta ubicado $11.300, con un incremento de $11.900 desde Marzo y en junio de $12.500.<\/p>\n<p>Estos valores representan el 42% de la canasta B\u00e1sica que se fij\u00f3 en $26.500. En termino reales, contamos con un 42% de la ca\u00edda de los aditamentos que debe contar el salario b\u00e1sico en una poblaci\u00f3n.<\/p>\n<p>El Consejo Nacional de Empleo, no toma como referencia a los fines de la determinaci\u00f3n del Salario, el debido cumplimiento al art\u00edculo 14 bis de la Constituci\u00f3n Nacional y en el art\u00edculo 135 de la Ley 24.013 (Ley Nacional de Empleo).<\/p>\n<p>El monto del salario real ser\u00e1 el m\u00e1s bajo de los \u00faltimos 14 a\u00f1os.\u00a0En otras palabras, en los \u00faltimos a\u00f1os el SMVM habr\u00e1 sido una de las variables que habr\u00e1n experimentado el mayor ajuste en el mercado de trabajo y la ca\u00edda del salario real.<\/p>\n<p>Si tomamos en cuenta que la suba del d\u00f3lar se traslada a los precios, al dolarizar el SMVM, en comparaci\u00f3n al mes de agosto de 2010, el SMVM de ese entonces era de US$ 439. Si lo traemos a la actualidad, luego de 9 a\u00f1os, el SMVM es de US$ 304.<\/p>\n<p>La p\u00e9rdida del poder adquisitivo y el traslado de la suba del d\u00f3lar a las g\u00f3ndolas es desolador\u00a0para el pa\u00eds.<\/p>\n<p>En consecuencia, de la abrupta fluctuaci\u00f3n del d\u00f3lar, la ca\u00edda del consumo y la p\u00e9rdida de empleo, provocan una decadencia social y deterioro de los salarios reales a trav\u00e9s de la comparaci\u00f3n de la canasta b\u00e1sica y los \u00edndices de pobreza.<\/p>\n<p>En enero de 2018 la relaci\u00f3n porcentual que representaba la relaci\u00f3n de SMVM y la canasta b\u00e1sica cay\u00f3 56%, y en enero de este a\u00f1o est\u00e1 en torno al 43%.<\/p>\n<p>En t\u00e9rminos porcentuales, la ca\u00edda real del salario en el 2019 estar\u00e1 en torno al 15% y 20%.<\/p>\n<p>En otras palabras, el SMVM ha perdido en los \u00faltimos a\u00f1os todo valor virtuoso como referencia para el mercado de trabajo y el consumo, puesto que el Gobierno Nacional lo ha manipulado\u00a0\u201cgradualmente\u201d como herramienta de ajuste para contener los reclamos salariales.<\/p>\n<p>La actualizaci\u00f3n del SMVM por debajo de los niveles de la inflaci\u00f3n impacta negativa y directamente en las g\u00f3ndolas y en el bolsillo de la sociedad.<\/p>\n<p>La utilizaci\u00f3n del SMVM como ancla salarial contraviene las disposiciones legales y lo aleja cada vez mas de su funci\u00f3n de garantizar a un trabajador la remuneraci\u00f3n m\u00ednima que requiere para asegurarse una alimentaci\u00f3n adecuada, vivienda digna, educaci\u00f3n, vestuarios, asistencia sanitaria, transporte y esparcimiento, vacaciones y previsi\u00f3n.<\/p>\n<p>A su vez, se encuentra cada vez m\u00e1s lejos del monto que el propio Estado reconoce como l\u00ednea de pobreza para un grupo familiar, ni hablar, de estar por encima del monto requerido para acceder a los alimentos m\u00ednimos necesarios para no caer en la indigencia.<\/p>\n<p>El costo de la canasta b\u00e1sica, que fija la l\u00ednea de pobreza, es superior al doble del SMVM: esta realidad me lleva a concluir que no se puede utilizar un mecanismo de represi\u00f3n salarial y de enfatizar el ajuste sobre el conjunto de los trabajadores que, inevitablemente, provocan la p\u00e9rdida del poder adquisitivo y el derrumbe de la estructura salarial y el mercado de trabajo.<\/p>\n<p>*Abogado (UBA).Presidente de la Asociaci\u00f3n de Profesionales Representantes de Emprendedores y Empresarios Afines. Doctrinario laboralista. Asesor y analista de opini\u00f3n jur\u00eddica. Autor de \u201cLos Principios de la Empresa y los Sueldos\u201d<\/p>\n<h6>Fuente: ADN<\/h6>\n","protected":false},"excerpt":{"rendered":"<p>La ley de contrato de trabajo denomina al Salario M\u00ednimo Vital y M\u00f3vil como la menor remuneraci\u00f3n que debe percibir en efectivo el trabajador sin cargas de familia, en su jornada legal de trabajo<\/p>\n","protected":false},"author":2,"featured_media":87426,"comment_status":"closed","ping_status":"closed","sticky":false,"template":"","format":"standard","meta":{"footnotes":""},"categories":[8],"tags":[21],"class_list":["post-87425","post","type-post","status-publish","format-standard","has-post-thumbnail","hentry","category-informe-nacional","tag-argentina"],"_links":{"self":[{"href":"http:\/\/argentinamunicipal.com.ar\/argentina\/wp-json\/wp\/v2\/posts\/87425","targetHints":{"allow":["GET"]}}],"collection":[{"href":"http:\/\/argentinamunicipal.com.ar\/argentina\/wp-json\/wp\/v2\/posts"}],"about":[{"href":"http:\/\/argentinamunicipal.com.ar\/argentina\/wp-json\/wp\/v2\/types\/post"}],"author":[{"embeddable":true,"href":"http:\/\/argentinamunicipal.com.ar\/argentina\/wp-json\/wp\/v2\/users\/2"}],"replies":[{"embeddable":true,"href":"http:\/\/argentinamunicipal.com.ar\/argentina\/wp-json\/wp\/v2\/comments?post=87425"}],"version-history":[{"count":0,"href":"http:\/\/argentinamunicipal.com.ar\/argentina\/wp-json\/wp\/v2\/posts\/87425\/revisions"}],"wp:featuredmedia":[{"embeddable":true,"href":"http:\/\/argentinamunicipal.com.ar\/argentina\/wp-json\/wp\/v2\/media\/87426"}],"wp:attachment":[{"href":"http:\/\/argentinamunicipal.com.ar\/argentina\/wp-json\/wp\/v2\/media?parent=87425"}],"wp:term":[{"taxonomy":"category","embeddable":true,"href":"http:\/\/argentinamunicipal.com.ar\/argentina\/wp-json\/wp\/v2\/categories?post=87425"},{"taxonomy":"post_tag","embeddable":true,"href":"http:\/\/argentinamunicipal.com.ar\/argentina\/wp-json\/wp\/v2\/tags?post=87425"}],"curies":[{"name":"wp","href":"https:\/\/api.w.org\/{rel}","templated":true}]}}