{"id":87428,"date":"2019-02-27T07:00:08","date_gmt":"2019-02-27T10:00:08","guid":{"rendered":"http:\/\/argentinamunicipal.com.ar\/argentina\/?p=87428"},"modified":"2019-02-27T07:00:08","modified_gmt":"2019-02-27T10:00:08","slug":"el-fin-del-relato-cada-jubilado-perdio-9-720-desde-la-reforma-previsional-macrista","status":"publish","type":"post","link":"http:\/\/argentinamunicipal.com.ar\/argentina\/el-fin-del-relato-cada-jubilado-perdio-9-720-desde-la-reforma-previsional-macrista\/","title":{"rendered":"El fin del relato: cada jubilado perdi\u00f3 $9.720 desde la reforma previsional macrista"},"content":{"rendered":"<p>El estudio elaborado por Econom\u00eda UNDAV, basado en datos que se desprenden de la ANSES, el INDEC y el BCRA, remarca que \u201ccon la reforma de la f\u00f3rmula de movilidad de diciembre de 2017, los jubilados se vieron fuertemente perjudicados\u00bb.<\/p>\n<p>El informe semanal publicado por el Observatorio de Pol\u00edticas P\u00fablicas de la Universidad Nacional de Avellaneda (UNDAV) revel\u00f3 que,\u00a0desde la reglamentaci\u00f3n de la reforma previsional, cada jubilado\/a habr\u00e1 perdido $9.720 en relaci\u00f3n a la inflaci\u00f3n, incluso contemplando la actualizaci\u00f3n del 11,8% prevista para marzo.<\/p>\n<p>El estudio elaborado por el equipo de economistas de Econom\u00eda UNDAV, basado en datos que se desprenden de la ANSES, el INDEC y el BCRA, remarca que\u00a0\u201ccon la reforma de la f\u00f3rmula de movilidad de diciembre de 2017, los jubilados se vieron fuertemente perjudicados y empezaron a enfrentar jubilaciones sensiblemente menores en t\u00e9rminos de poder adquisitivo sin volver a recuperar niveles de poder de compra previos\u201d.<\/p>\n<p>Monetizando el deterioro en los haberes reales, se encuentran p\u00e9rdidas significativas para los trabajadores pasivos, donde desde el a\u00f1o 2018 hasta junio del corriente,\u00a0quienes cobran la m\u00ednima se estima que perder\u00e1n $12.179 en relaci\u00f3n a la inflaci\u00f3n.<\/p>\n<p>En este sentido, el documento de la Universidad Nacional de Avellaneda advierte que\u00a0\u201cel cambio en los par\u00e1metros de ajuste jubilatorio no repercute solamente sobre los haberes, tambi\u00e9n impacta en los ingresos de dem\u00e1s programas de transferencia como la AUH, asignaciones familiares y ciertas pensiones no contributivas\u201d.<\/p>\n<p>Si se compara estas mermas en t\u00e9rminos de poder de compra con los productos de la canasta b\u00e1sica es posible se\u00f1alar que desde\u00a0enero de 2018 cada jubilado perdi\u00f3 y perder\u00e1 por mes 2,5 kilos de queso; 6,2 kilos de yerba; 6,9 litros de aceite; 8,8 kilos de pan; 18,7 kilos de fideos o 22,9 litros de leche, al menos hasta junio de 2019.<\/p>\n<p>En un an\u00e1lisis integral, el empeoramiento de las jubilaciones\u00a0rondar\u00e1 un 14% a mediados de a\u00f1o: un deterioro se potenci\u00f3 con la aplicaci\u00f3n de la reforma previsional.<\/p>\n<p>Medido en relaci\u00f3n a la canasta b\u00e1sica computada por el Indec, la merma tambi\u00e9n es significativa: se redujo en un 21% promedio, desde diciembre de 2017 hasta la actualidad.<\/p>\n<p>\u201cEsta p\u00e9rdida alcanzar\u00e1 su peor resultado en febrero de este a\u00f1o cuando el haber m\u00ednimo significar\u00e1 un 21,4% menor al de diciembre de 2015.\u00a0Incluso con la recomposici\u00f3n que habr\u00e1 en junio el haber m\u00ednimo estar\u00e1 en un 11,5% por debajo del nivel de diciembre de 2015\u201d, concluye el estudio.<\/p>\n<h6>Fuente: INfoNews<\/h6>\n","protected":false},"excerpt":{"rendered":"<p>El estudio elaborado por Econom\u00eda UNDAV, basado en datos que se desprenden de la ANSES, el INDEC y el BCRA, remarca que \u201ccon la reforma de la f\u00f3rmula de movilidad de diciembre de 2017, los jubilados se vieron fuertemente perjudicados\u00bb.<\/p>\n","protected":false},"author":2,"featured_media":87429,"comment_status":"closed","ping_status":"closed","sticky":false,"template":"","format":"standard","meta":{"footnotes":""},"categories":[8],"tags":[21],"class_list":["post-87428","post","type-post","status-publish","format-standard","has-post-thumbnail","hentry","category-informe-nacional","tag-argentina"],"_links":{"self":[{"href":"http:\/\/argentinamunicipal.com.ar\/argentina\/wp-json\/wp\/v2\/posts\/87428","targetHints":{"allow":["GET"]}}],"collection":[{"href":"http:\/\/argentinamunicipal.com.ar\/argentina\/wp-json\/wp\/v2\/posts"}],"about":[{"href":"http:\/\/argentinamunicipal.com.ar\/argentina\/wp-json\/wp\/v2\/types\/post"}],"author":[{"embeddable":true,"href":"http:\/\/argentinamunicipal.com.ar\/argentina\/wp-json\/wp\/v2\/users\/2"}],"replies":[{"embeddable":true,"href":"http:\/\/argentinamunicipal.com.ar\/argentina\/wp-json\/wp\/v2\/comments?post=87428"}],"version-history":[{"count":0,"href":"http:\/\/argentinamunicipal.com.ar\/argentina\/wp-json\/wp\/v2\/posts\/87428\/revisions"}],"wp:featuredmedia":[{"embeddable":true,"href":"http:\/\/argentinamunicipal.com.ar\/argentina\/wp-json\/wp\/v2\/media\/87429"}],"wp:attachment":[{"href":"http:\/\/argentinamunicipal.com.ar\/argentina\/wp-json\/wp\/v2\/media?parent=87428"}],"wp:term":[{"taxonomy":"category","embeddable":true,"href":"http:\/\/argentinamunicipal.com.ar\/argentina\/wp-json\/wp\/v2\/categories?post=87428"},{"taxonomy":"post_tag","embeddable":true,"href":"http:\/\/argentinamunicipal.com.ar\/argentina\/wp-json\/wp\/v2\/tags?post=87428"}],"curies":[{"name":"wp","href":"https:\/\/api.w.org\/{rel}","templated":true}]}}