{"id":87437,"date":"2019-02-27T07:08:30","date_gmt":"2019-02-27T10:08:30","guid":{"rendered":"http:\/\/argentinamunicipal.com.ar\/argentina\/?p=87437"},"modified":"2019-02-27T07:08:30","modified_gmt":"2019-02-27T10:08:30","slug":"maldito-tarifazo","status":"publish","type":"post","link":"http:\/\/argentinamunicipal.com.ar\/argentina\/maldito-tarifazo\/","title":{"rendered":"Maldito tarifazo"},"content":{"rendered":"<p>Mientras se anuncian m\u00e1s subas de tarifas, como la del gas, donde las empresas ya piden por encima de lo anunciado, se multiplican las protestas en la calle, de los movimientos sociales y sindicales, y los reclamos legales de intendentes, organizaciones de vecinos y opositores<\/p>\n<p>Mientras en el Centro Metropolitano de Dise\u00f1o las distribuidoras de gas ped\u00edan, en una audiencia p\u00fablica oficial, nuevas subas \u201cpara garantizar la sustentabilidad del servicio\u201d, dos protestas multisectoriales salieron a interpelar la l\u00f3gica de los aumentos sin l\u00edmite. El rechazo a los tarifazos sac\u00f3 a la calle a movimientos sociales, que con un arco de sindicatos llevaron al Congreso un proyecto contra los aumentos. Al mismo tiempo, intendentes del Conurbano y multisectoriales de vecinos hicieron una suerte de contra audiencia (convocada como Gran Audiencia P\u00fablica Nacional)en el teatro Astros donde, durante siete horas, vecinos y especialistas expusieron casos y propuestas. El objetivo es generar consenso y fuerza pol\u00edtica para una nueva Ley de Servicios P\u00fablicos. Y bastante m\u00e1s.<\/p>\n<p>\u201cHay cosas que s\u00f3lo podemos hacer en a\u00f1os impares\u201d, defini\u00f3 a P\u00e1ginaI12 uno de los intendentes. Para los dirigentes del peronismo bonaerense, organizar la Gran Audiencia P\u00fablica fue una forma de dar otro paso en la construcci\u00f3n de la buscada unidad, de cara a octubre.<\/p>\n<p>En el teatro estuvieron Gabriel Katopodis (intendente de San Mart\u00edn), Ver\u00f3nica Magario (La Matanza) y Fernando Gray (Esteban Echeverr\u00eda). Tambi\u00e9n los precandidatos presidenciales Agust\u00edn Rossi y Felipe Sol\u00e1, los diputados Hugo Yasky y Leonardo Grosso y el Defensor del Pueblo bonaerense, Guido Lorenzino. Entre los referentes sindicales se vio al titular del Suteba, Roberto Baradel, y Walter Correa, de Curtidores. Y referentes de la oposici\u00f3n de peso distrital, como Federico Martelli (La Plata) y Santiago Cafiero (San Isidro).<\/p>\n<p>Como tema m\u00e1s novedoso, la actividad llev\u00f3 a que compartieran el escenario vecinos de las multisectoriales (e integrantes de organizaciones con un perfil m\u00e1s ong), con referentes partidarios. Desde las 11 hasta las 18 en el teatro \u2014a raz\u00f3n de tres minutos por orador- hicieron uso de la palabra concejales, familiares de electrodependientes, militantes de perfil progresista, curas, pastores evang\u00e9licos, trabajadores del ENRE, asociaciones del consumidor.<\/p>\n<p>Cont\u00f3 Valeria Gonz\u00e1lez, de la localidad de San Pedro: \u201cTuvimos la necesidad de plantarnos en la puerta de la empresa el\u00e9ctrica y en la del municipio a expresar nuestro descontento. El acceso a la luz, el agua y el gas tienen que ser reconocidos como parte de los derechos m\u00e1s b\u00e1sicos, un derecho de ciudadan\u00eda. No hay dimensi\u00f3n p\u00fablica del problema que estamos viviendo, que hoy lleva a que haya gente que tiene que compartir la heladera porque al vecino le cortaron la luz, y que se est\u00e9 volviendo a cocinar con garrafa\u201d.<\/p>\n<p>Lorena Riesgo, concejal de La Plata, habl\u00f3 sobre \u201cel enriquecimiento de las distribuidoras\u201d. Asegur\u00f3 que s\u00f3lo en 2017, en su ciudad, la empresa de electricidad \u201cEdelap recaud\u00f3 2.700 millones, cuatro veces m\u00e1s que su plan de inversi\u00f3n a cinco a\u00f1os\u201d.<\/p>\n<p>Luciano Fern\u00e1ndez, de ATE Capital, apunt\u00f3 que \u201cse quitaron subsidios y se dolarizaron las tarifas\u201d, con el resultado de que \u201cla incidencia del gasto en servicios en nuestros salarios pas\u00f3 del 6 al 21 por ciento\u201d.<\/p>\n<p>Santiago Deschutter, de la Multisectorial de Luj\u00e1n, se\u00f1al\u00f3 que \u201chay que avanzar en una condonaci\u00f3n de deudas\u201d. Como muchos otros, su planteo fue que la energ\u00eda es un derecho y no puede estar bajo el control de las empresas.<\/p>\n<p>La idea de fondo que se trabaj\u00f3 a lo largo de la Audiencia es que los recursos energ\u00e9ticos y los servicios p\u00fablicos pertenecen al Estado, a\u00fan cuando lo gestione un privado. En este marco, el Estado debe garantizar que las tarifas sean justas, equitativas y razonables.<\/p>\n<p>Los intendentes vienen de presentar en diciembre un pedido de amparo en un juzgado federal de La Plata contra los aumentos de tarifas, que todav\u00eda no tuvo resoluci\u00f3n. Uno de sus argumentos fue tomado de un fallo de la Corte Suprema y dice que las tarifas deben ser \u201cproporcionales y accesibles\u201d.<\/p>\n<p>\u201cNinguno de los aumentos de estos tres a\u00f1os consider\u00f3 esa situaci\u00f3n. Ning\u00fan ingreso salarial ni ninguna rentabilidad de una PyME o un comercio creci\u00f3 lo que crecieron las tarifas. Otro tema es d\u00f3nde fue esa plata, porque no vemos que las empresas hayan hecho inversiones ni que haya mejorado la calidad de los servicios. Hay complicidad de las empresas que han utilizado la plata para ponerla en la bicicleta financiera, y del gobierno que mira para el otro lado\u201d, advirti\u00f3 Gabriel Katopodis, el jefe comunal de San Mart\u00edn.<\/p>\n<p>Desde la Red de Multisectoriales, Andrea Manzi adelant\u00f3 que la intenci\u00f3n es llevar este esquema de participaci\u00f3n a tantos lugares como puedan. \u201cTenemos que comprometer a los legisladores, que se den cuenta que es una realidad que golpea. Queremos que en cada pueblo los referentes barriales, los partidos vecinales, los clubes de barrio puedan juntarse y debatir qu\u00e9 pasa en sus lugares con las tarifas. Debemos instalar el concepto de derecho humano vinculado a los servicios de luz, agua y electricidad. Una cosa decirlo y otra trabajarlo: ahora nos toca eso. Estamos en un a\u00f1o electoral y es importante hacer el esfuerzo, porque no creo que todos hayan dimensionado lo que provoca el tarifazo\u201d.<\/p>\n<p>Las primeras multisectoriales se crearon hace tres a\u00f1os, con los tarifazos del 2016. Aunque en ellas es clara la participaci\u00f3n de militantes que entraron a la pol\u00edtica con el kirchnerismo, son organizaciones que se piensan como una forma de construcci\u00f3n que trasciende lo partidario. \u201cEse es el desaf\u00edo de la unidad: trascender el sello\u201d, resumi\u00f3 Manzi.<\/p>\n<p>El rechazo al nuevo tarifazo sac\u00f3 a la calle a los movimientos sociales y los sindicatos.<br \/>\nEn el ENRE<br \/>\nEl corte frente al ENRE \u2014el organismo regulador del servicio el\u00e9ctrico- y la movilizaci\u00f3n al Congreso tuvieron por actores a la CTA Aut\u00f3noma, junto a gremios de la CGT y los movimientos populares del llamado triunvirato, la Corriente Clasista y Combativa, la CTEP y Barrios de Pie: tambi\u00e9n en esta marcha de unidad se expres\u00f3 el a\u00f1o impar.<\/p>\n<p>Detr\u00e1s de la una bandera con la consigna Maldito Tarifazo estuvieron Hugo Godoy (ATE Nacional) y Juan Carlos Schmid (de la Confederaci\u00f3n Argentina de Trabajadores del Transporte), que hablaron frente al ENRE. Despu\u00e9s la movilizaci\u00f3n fue al Congreso. Ah\u00ed fue presentado un proyecto de resoluci\u00f3n a diputados de la oposici\u00f3n por que se congelen las tarifas. H\u00e9ctor \u201cGringo\u201d Castro, de CTEP, Fredy Mari\u00f1o de la CCC y Norma Morales, de Barrios de Pie, estuvieron a cargo del acto de cierre de la jornada.<\/p>\n<p>El proyecto propone la suspensi\u00f3n inmediata de los tarifazos en los servicios p\u00fablicos de luz, gas, agua y \u00a0transporte., revirtiendo los anuncios ya realizados para retrotraer la situaci\u00f3n a comienzos de 2018. Y llama \u201ca una amplia convocatoria para discutir nuevas \u00a0 bases de funcionamiento del sistema energ\u00e9tico nacional, que hoy se ha transformado \u00a0en una caja de ganancias irracionales de un conjunto de empresas oligop\u00f3licas asociadas a un Estado c\u00f3mplice y socio de tal despojo\u201d.<\/p>\n<p>El punto central de esa discusi\u00f3n se enlaza con los expresados en la Audiencia del teatro Astros: considerar la energ\u00eda como bien estrat\u00e9gico y como derecho humano. El texto presentado remarca que la energ\u00eda \u201ces, simult\u00e1neamente, un bien econ\u00f3mico cr\u00edtico como un bien social, del com\u00fan, del pueblo. Por ende, configura un bien de inter\u00e9s p\u00fablico\u201d.<\/p>\n<p>Propone, finalmente, recuperar de un criterio de planificaci\u00f3n integrado y centralizado del sistema energ\u00e9tico. \u201cDebemos desandar el camino nefasto de la desregulaci\u00f3n. Ese esquema ha destruido infraestructura, no ha hecho inversiones y pone en peligro el acceso de la poblaci\u00f3n en el altar de las rentas de un conjunto de empresas fragmentadas que desde hace tres d\u00e9cadas usufruct\u00faan de los bienes que el Estado nacional, en m\u00e1s de 70 a\u00f1os, ha construido con los recursos de todos los argentinos\u201d.<\/p>\n<h6>Fuente: P\u00e1gina 12<\/h6>\n","protected":false},"excerpt":{"rendered":"<p>Mientras se anuncian m\u00e1s subas de tarifas, como la del gas, donde las empresas ya piden por encima de lo anunciado, se multiplican las protestas en la calle, de los movimientos sociales y sindicales, y los reclamos legales de intendentes, organizaciones de vecinos y opositores<\/p>\n","protected":false},"author":2,"featured_media":87438,"comment_status":"closed","ping_status":"closed","sticky":false,"template":"","format":"standard","meta":{"footnotes":""},"categories":[8],"tags":[21],"class_list":["post-87437","post","type-post","status-publish","format-standard","has-post-thumbnail","hentry","category-informe-nacional","tag-argentina"],"_links":{"self":[{"href":"http:\/\/argentinamunicipal.com.ar\/argentina\/wp-json\/wp\/v2\/posts\/87437","targetHints":{"allow":["GET"]}}],"collection":[{"href":"http:\/\/argentinamunicipal.com.ar\/argentina\/wp-json\/wp\/v2\/posts"}],"about":[{"href":"http:\/\/argentinamunicipal.com.ar\/argentina\/wp-json\/wp\/v2\/types\/post"}],"author":[{"embeddable":true,"href":"http:\/\/argentinamunicipal.com.ar\/argentina\/wp-json\/wp\/v2\/users\/2"}],"replies":[{"embeddable":true,"href":"http:\/\/argentinamunicipal.com.ar\/argentina\/wp-json\/wp\/v2\/comments?post=87437"}],"version-history":[{"count":0,"href":"http:\/\/argentinamunicipal.com.ar\/argentina\/wp-json\/wp\/v2\/posts\/87437\/revisions"}],"wp:featuredmedia":[{"embeddable":true,"href":"http:\/\/argentinamunicipal.com.ar\/argentina\/wp-json\/wp\/v2\/media\/87438"}],"wp:attachment":[{"href":"http:\/\/argentinamunicipal.com.ar\/argentina\/wp-json\/wp\/v2\/media?parent=87437"}],"wp:term":[{"taxonomy":"category","embeddable":true,"href":"http:\/\/argentinamunicipal.com.ar\/argentina\/wp-json\/wp\/v2\/categories?post=87437"},{"taxonomy":"post_tag","embeddable":true,"href":"http:\/\/argentinamunicipal.com.ar\/argentina\/wp-json\/wp\/v2\/tags?post=87437"}],"curies":[{"name":"wp","href":"https:\/\/api.w.org\/{rel}","templated":true}]}}