{"id":87447,"date":"2019-02-27T05:29:47","date_gmt":"2019-02-27T08:29:47","guid":{"rendered":"http:\/\/argentinamunicipal.com.ar\/argentina\/?p=87447"},"modified":"2019-02-27T07:30:57","modified_gmt":"2019-02-27T10:30:57","slug":"pequenos-productores-en-alerta-por-el-proyecto-de-ley-de-semillas-de-cambiemos","status":"publish","type":"post","link":"http:\/\/argentinamunicipal.com.ar\/argentina\/pequenos-productores-en-alerta-por-el-proyecto-de-ley-de-semillas-de-cambiemos\/","title":{"rendered":"Peque\u00f1os productores, en alerta por el proyecto de Ley de Semillas de Cambiemos"},"content":{"rendered":"<p>La Multisectorial\u00a0\u00a0contra la ley \u201cMonsanto\u201d emiti\u00f3 un comunicado en donde sentaron su postura contra el nuevo proyecto de ley de semillas. Esta semana organizan distintas actividades en todo el pa\u00eds, que incluye una carpa frente al Congreso Nacional.<br \/>\nEn materia de pol\u00edticas agropecuarias, una de las asignaturas pendientes es la legislaci\u00f3n en torno al uso de semillas. Con una ley vigente\u00a0\u00a0que data del a\u00f1o 1973, durante 2018 se intent\u00f3 llegar a un acuerdo en este rubro, pero el debate se posterg\u00f3 para este a\u00f1o.<\/p>\n<p>La Comisi\u00f3n de Agricultura de la c\u00e1mara baja nacional aprob\u00f3, a fines de 2018, el dictamen que busca avanzar en el tratamiento de una nueva Ley de Semillas. Como dato a tener en cuenta, la iniciativa cuenta con n\u00famero de orden del d\u00eda. Esto significa que recorri\u00f3 todos los pasos necesarios para ser tratada en la legislatura y no perder\u00e1 estado parlamentario. En estos d\u00edas y con la fecha a\u00fan no definida para tratar este proyecto, el oficialismo se encuentra en la b\u00fasqueda de votos que le permitan imponer la ley a la hora de la votaci\u00f3n final.<\/p>\n<p>Un punto que preocupa en el tratamiento de esta ley es que al ser a\u00f1o electoral, la actividad parlamentaria reduce su caudal. En este sentido, el presidente de la Comisi\u00f3n de Agricultura de Diputados de la Naci\u00f3n, Atilio Benedetti sostuvo en declaraciones period\u00edsticas que apuntar\u00e1n a \u201cque en los primeros meses del a\u00f1o obtenga la media sanci\u00f3n\u201d. Lo cual -al menos hasta el momento- no deja de ser una expresi\u00f3n de deseos por parte del legislador entrerriano.<\/p>\n<p>El proyecto de ley de semillas que se tratar\u00e1 este a\u00f1o contempla el uso propio gratuito de las semillas para peque\u00f1os productores, el control exclusivo e indelegable del Instituto Nacional de Semillas (INASE), el pago \u00fanico de todos los derechos de propiedad intelectual en la semilla, el precio de regal\u00edas fijadas durante cinco campa\u00f1as y la desgravaci\u00f3n por el uso de semilla fiscalizada.<\/p>\n<p>En esta instancia, una de las dudas que persiste con respecto al tratamiento de esta legislaci\u00f3n es el uso propio para peque\u00f1os productores. Ante esta situaci\u00f3n y en la previa de un nuevo debate parlamentario, la denominada Multisectorial\u00a0\u00a0contra la ley \u201cMonsanto\u201d de Semillas convoc\u00f3 a la Semana de Acci\u00f3n de la Soberan\u00eda Alimentaria contra la Ley Bayer-Monsanto de Semillas, que empez\u00f3 el pasado s\u00e1bado 23 de febrero y se extender\u00e1 hasta el jueves 28.<\/p>\n<p>En ese marco, se realizar\u00e1n actividades en las localidades bonaerenses de Mar del Plata, Saladillo, Chivilcoy, La Plata, Luj\u00e1n, San Andr\u00e9s de Giles, Los Toldos, Guernica y Exaltaci\u00f3n de la Cruz, entre otras. Tambi\u00e9n se llevar\u00e1n a cabo en\u00a0\u00a0C\u00f3rdoba, Santa Fe, Entre R\u00edos, Chubut, Catamarca y La Pampa. Como cierre, el 28 de febrero se instalar\u00e1 una carpa frente al Congreso de la Naci\u00f3n, en donde se llevar\u00e1n cabo talleres, charlas y eventos art\u00edsticos.<\/p>\n<p>Este colectivo entiende que de aprobarse este proyecto de ley, las multinacionales del negocio semillero como\u00a0Bayer-Monsanto, Syngenta-ChemChina, Corteva (Dow + DuPont), Basf y otras, tendr\u00e1n la posibilidad de terminar con el \u201cderecho de uso propio\u201d de los agricultores, y cobrar regal\u00edas cada vez que agricultores utilicen una semilla sujeta a derechos de obtentor.<\/p>\n<h6>Fuente: InfoCielo<\/h6>\n","protected":false},"excerpt":{"rendered":"<p>La Multisectorial\u00a0\u00a0contra la ley \u201cMonsanto\u201d emiti\u00f3 un comunicado en donde sentaron su postura contra el nuevo proyecto de ley de semillas.<\/p>\n","protected":false},"author":2,"featured_media":87448,"comment_status":"closed","ping_status":"closed","sticky":false,"template":"","format":"standard","meta":{"footnotes":""},"categories":[2],"tags":[21],"class_list":["post-87447","post","type-post","status-publish","format-standard","has-post-thumbnail","hentry","category-informe-municipal","tag-argentina"],"_links":{"self":[{"href":"http:\/\/argentinamunicipal.com.ar\/argentina\/wp-json\/wp\/v2\/posts\/87447","targetHints":{"allow":["GET"]}}],"collection":[{"href":"http:\/\/argentinamunicipal.com.ar\/argentina\/wp-json\/wp\/v2\/posts"}],"about":[{"href":"http:\/\/argentinamunicipal.com.ar\/argentina\/wp-json\/wp\/v2\/types\/post"}],"author":[{"embeddable":true,"href":"http:\/\/argentinamunicipal.com.ar\/argentina\/wp-json\/wp\/v2\/users\/2"}],"replies":[{"embeddable":true,"href":"http:\/\/argentinamunicipal.com.ar\/argentina\/wp-json\/wp\/v2\/comments?post=87447"}],"version-history":[{"count":0,"href":"http:\/\/argentinamunicipal.com.ar\/argentina\/wp-json\/wp\/v2\/posts\/87447\/revisions"}],"wp:featuredmedia":[{"embeddable":true,"href":"http:\/\/argentinamunicipal.com.ar\/argentina\/wp-json\/wp\/v2\/media\/87448"}],"wp:attachment":[{"href":"http:\/\/argentinamunicipal.com.ar\/argentina\/wp-json\/wp\/v2\/media?parent=87447"}],"wp:term":[{"taxonomy":"category","embeddable":true,"href":"http:\/\/argentinamunicipal.com.ar\/argentina\/wp-json\/wp\/v2\/categories?post=87447"},{"taxonomy":"post_tag","embeddable":true,"href":"http:\/\/argentinamunicipal.com.ar\/argentina\/wp-json\/wp\/v2\/tags?post=87447"}],"curies":[{"name":"wp","href":"https:\/\/api.w.org\/{rel}","templated":true}]}}