{"id":87450,"date":"2019-02-27T06:32:13","date_gmt":"2019-02-27T09:32:13","guid":{"rendered":"http:\/\/argentinamunicipal.com.ar\/argentina\/?p=87450"},"modified":"2019-02-27T07:34:27","modified_gmt":"2019-02-27T10:34:27","slug":"precarizacion-laboral-pedidos-ya-despidio-a-450-trabajadores-y-denuncian-persecucion-sindical","status":"publish","type":"post","link":"http:\/\/argentinamunicipal.com.ar\/argentina\/precarizacion-laboral-pedidos-ya-despidio-a-450-trabajadores-y-denuncian-persecucion-sindical\/","title":{"rendered":"Precarizaci\u00f3n laboral: Pedidos Ya despidi\u00f3 a 450 trabajadores y denuncian persecuci\u00f3n sindical"},"content":{"rendered":"<p>La Asociaci\u00f3n de Personal de Plataformas dio a conocer que la compa\u00f1\u00eda ech\u00f3 a sus empleados luego de que decidieran agruparse gremialmente.<br \/>\nLa empresa Pedidos Ya anunci\u00f3 este martes unos 450 despidos y los trabajadores denunciaron que se trata de persecuci\u00f3n sindical. Asimismo, se encuentran en estado de alerta y no descartan que se profundice la situaci\u00f3n. La Asociaci\u00f3n de Personal de Plataformas denunci\u00f3 lo acontecido y difundieron videos del momento en que los trabajadores se enteraban de los despidos.<\/p>\n<p>\u00ab450 despidos en Pedidos Ya. Esta ma\u00f1ana, repartidores de la aplicaci\u00f3n se encontraron con que sus ID hab\u00edan sido bloqueados. Algunos denuncian que ya recibieron telegramas de despidos sin causa mientras que otros se encuentran en estado de alerta\u00bb, manifestaron.<\/p>\n<p>Tambi\u00e9n se\u00f1alaron que las autoridades presentes en la oficina \u00abcerraron las puertas a los trabajadores\u00bb que reclamaban saber los motivos de los despidos. Frente a esa situaci\u00f3n, denuncian que los encargados \u00abllamaron a la polic\u00eda para dispersar a los repartidores\u00bb.<\/p>\n<p>Este jueves se realizar\u00e1n las elecciones internas de la Asociaci\u00f3n Sindical de Motociclistas Mensajeros y Servicios (ASiMM), donde los afiliados ir\u00e1n a las urnas para definir a sus representantes gremiales dentro de Pedidos Ya.<\/p>\n<p>Los despidos masivos se dieron a tan solo 48 horas de que los trabajadores de aplicaci\u00f3n se dispongan a elegir a sus delegados gremiales, en el marco de un sindicato. Desde la ASiMM ya anunciaron que las elecciones se desarrollar\u00e1n en el marco de un paro de actividades y movilizaci\u00f3n.<\/p>\n<h6>Fuente: InfoCielo<\/h6>\n","protected":false},"excerpt":{"rendered":"<p>La Asociaci\u00f3n de Personal de Plataformas dio a conocer que la compa\u00f1\u00eda ech\u00f3 a sus empleados luego de que decidieran agruparse gremialmente.<\/p>\n","protected":false},"author":2,"featured_media":87451,"comment_status":"closed","ping_status":"closed","sticky":false,"template":"","format":"standard","meta":{"footnotes":""},"categories":[2],"tags":[12],"class_list":["post-87450","post","type-post","status-publish","format-standard","has-post-thumbnail","hentry","category-informe-municipal","tag-buenos-aires"],"_links":{"self":[{"href":"http:\/\/argentinamunicipal.com.ar\/argentina\/wp-json\/wp\/v2\/posts\/87450","targetHints":{"allow":["GET"]}}],"collection":[{"href":"http:\/\/argentinamunicipal.com.ar\/argentina\/wp-json\/wp\/v2\/posts"}],"about":[{"href":"http:\/\/argentinamunicipal.com.ar\/argentina\/wp-json\/wp\/v2\/types\/post"}],"author":[{"embeddable":true,"href":"http:\/\/argentinamunicipal.com.ar\/argentina\/wp-json\/wp\/v2\/users\/2"}],"replies":[{"embeddable":true,"href":"http:\/\/argentinamunicipal.com.ar\/argentina\/wp-json\/wp\/v2\/comments?post=87450"}],"version-history":[{"count":0,"href":"http:\/\/argentinamunicipal.com.ar\/argentina\/wp-json\/wp\/v2\/posts\/87450\/revisions"}],"wp:featuredmedia":[{"embeddable":true,"href":"http:\/\/argentinamunicipal.com.ar\/argentina\/wp-json\/wp\/v2\/media\/87451"}],"wp:attachment":[{"href":"http:\/\/argentinamunicipal.com.ar\/argentina\/wp-json\/wp\/v2\/media?parent=87450"}],"wp:term":[{"taxonomy":"category","embeddable":true,"href":"http:\/\/argentinamunicipal.com.ar\/argentina\/wp-json\/wp\/v2\/categories?post=87450"},{"taxonomy":"post_tag","embeddable":true,"href":"http:\/\/argentinamunicipal.com.ar\/argentina\/wp-json\/wp\/v2\/tags?post=87450"}],"curies":[{"name":"wp","href":"https:\/\/api.w.org\/{rel}","templated":true}]}}