{"id":87453,"date":"2019-02-27T07:37:43","date_gmt":"2019-02-27T10:37:43","guid":{"rendered":"http:\/\/argentinamunicipal.com.ar\/argentina\/?p=87453"},"modified":"2019-02-27T07:37:43","modified_gmt":"2019-02-27T10:37:43","slug":"santa-fe-se-inscribieron-15-listas-para-competir-por-la-intendencia","status":"publish","type":"post","link":"http:\/\/argentinamunicipal.com.ar\/argentina\/santa-fe-se-inscribieron-15-listas-para-competir-por-la-intendencia\/","title":{"rendered":"Santa Fe: se inscribieron 15 listas para competir por la intendencia"},"content":{"rendered":"<p>De los partidos m\u00e1s importantes, el PJ ser\u00e1 el \u00fanico sector que ir\u00e1 a una interna en esa categor\u00eda, con 4 precandidatos. Cambiemos y el FPCyS lograron listas de unidad. Adem\u00e1s, 33 listas se anotaron para renovar 9 bancas en el Concejo Municipal. Los postulantes en las localidades del \u00e1rea metropolitana.<\/p>\n<p>Este lunes por la noche venci\u00f3 el plazo para la presentaci\u00f3n de listas ante el Tribunal Electoral de los distintos partidos que van a competir en las elecciones Primarias, Abiertas, Simult\u00e1neas y Obligatorias del 28 de abril. En la capital provincial, se inscribieron 15 listas en la categor\u00eda de intendente, de 10 partidos diferentes, y 33 para el Concejo, que renueva 9 bancas a fin de a\u00f1o.<\/p>\n<p>De los partidos m\u00e1s importantes, s\u00f3lo el PJ ofrece m\u00e1s de un precandidato a intendente: Ignacio Mart\u00ednez Kerz, por el sector que propone a Omar Perotti como gobernador; Alejandro Rossi, de Unidad Ciudadana; Juan Cesoni, que impulsa a Mar\u00eda Eugenia Bielsa a la Casa Gris; y Mariana Bergallo son quienes buscar\u00e1n llegar a la elecci\u00f3n general del 16 de junio.<\/p>\n<p>Cambiemos y el FPCyS llevan un s\u00f3lo candidato para la intendencia y van con lista \u00fanica: Albor \u201cNiky\u201d Cantard y Emilio Jat\u00f3n, respectivamente.<\/p>\n<p>Pero s\u00ed habr\u00e1 internas entre los socialistas y radicales que integran el Frente Progresista para el Concejo Municipal: Lucas Simoniello (actual subsecretario de Gesti\u00f3n del Suelo provincial) qued\u00f3 al frente de la lista de concejales por el radicalismo aliado al Frente; lo siguen: Virginia Coudannes, Pablo Bosch, Pablo Pascutto, Cristian Riom, Sonia Ojeda, Yamil Saade, Nely Fleitas y Alfredo Zuvir\u00eda.\u00a0 En tanto, Julio \u201cPaco\u201d Garibaldi, actual diputado provincial, encabezar\u00e1 la lista oficial del socialismo, seguido por Valeria L\u00f3pez Delzar, Mar\u00eda de las Mercedes Benedetti, Gabriela Bruno, Axel Menor, Dora Gonz\u00e1lez, Anah\u00ed Montiel, Ra\u00fal Vacou y Emiliano Ortola.<\/p>\n<p>La lista de Cantard anot\u00f3 para el Deliberativo a In\u00e9s Larriera, Mauricio Amer, Erika Figueroa, Danilo Armando, Melisa Donda Zbinder, Hernan Franco, Dana Costa, Rodrigo Maguid y Patricia Ronchetti. Tambi\u00e9n presentaron listas de concejales dentro de Cambiemos: \u201cCon vos podemos\u201d, con Ulrich Lehmann encabezando; Cambiemos Santa Fe, con Sebasti\u00e1n Mastropaolo; Cambiemos Juntos, con Mar\u00eda P\u00eda Lombardo.<\/p>\n<p>En el PJ, Juan Jos\u00e9 Saleme intentar\u00e1 volver al Concejo, encabezando la lista \u201cSumas\u201d de Mart\u00ednez Kerz, y secundado por Sabrina Spretz, Nicol\u00e1s Cab\u00f3, Nelly Ben\u00edtez, Emanuel Arias, Ivana Pintos, Lucas Maurice, Carolina Repetto y Fernando Fleitas. La propuesta de \u201cUnidad Ciudadana\u201d para el Concejo est\u00e1 liderada por Federico Fulini (de la JP), y suma a Mariana Steckler, Alejandro Gitron, Mercedes Araujo, Rodolfo Langhi, Esther Romero, Claudio Esp\u00f3sito, Mar\u00eda Eva Quinteros y Marta Castelli. El actual edil, Juan Cesoni, buscar\u00e1 meterse en la carrera para saltar al Palacio de calle Salta. Y lleva como precandidatos al Concejo a Andr\u00e9s Rodr\u00edguez, Malvina Eberle, C\u00e9sar Drovetta, Valentina Ottino, Diego Ben\u00edtez, Jimena Gonz\u00e1lez, Nicol\u00e1s Taverna, Anal\u00eda Peralta y Federico Schafer. Y hay otras varias listas de concejales, por ejemplo la que lidera el reconocido periodista deportivo, Ricardo Porta.<\/p>\n<p>Para la categor\u00eda intendente, tambi\u00e9n presentaron candidatos los partidos: Barrio 88: Eliana Marisa Ramos; Unite por la familia y la vida, con tres precandidatos: Ovidio Alarc\u00f3n, Gladiz Gonz\u00e1lez Triunfini y Luz Balbastro; Alternativa por Santa Fe (Alternativa Federal): Germ\u00e1n Kleisinger; Dios con Nosotros (Alianza espacio grande): Miguel Orlando Zalazar; Justicia para todos (Movimiento Independiente justicia y dignidad): Lucas Far\u00edas; Renovar la izquierda (Nueva izquierda): Mar\u00eda Fernanda Guti\u00e9rrez; y Germ\u00e1n Lavini, por el Frente de Izquierda y los Trabajadores.<\/p>\n<p><strong>\u00bfQu\u00e9 se vota?<\/strong><\/p>\n<p>En la ciudad de Santa Fe, adem\u00e1s del cargo de intendente se renuevan 9 bancas de concejales. Son las que ocupan actualmente: Alejandra Obeid; Marcela Aeberhard; Ignacio Mart\u00ednez Kerz; Juan Carlos Cesoni y Lucas Maguid, por el interbloque PJ Santa Fe; Marcelo Ponce; Franco Ponce de Le\u00f3n y Sergio Basile, por el FPCyS; y Rossana Ingaramo por Cambiemos. El 28 de abril ser\u00e1n las PASO y, reci\u00e9n el 16 de juno, las generales, con los candidatos definitivos.<\/p>\n<p>L<strong>ocalidades del \u00c1rea Metropolitana<\/strong><\/p>\n<p>En Santo Tom\u00e9, se presentaron 13 listas para disputar la intendencia. No se logr\u00f3 una lista de unidad y el FPCyS, que gobierna en la ciudad de Santo Tom\u00e9 desde 2007, tendr\u00e1 internas. La intendenta Daniela Q\u00fcesta (que va por la reelecci\u00f3n) se medir\u00e1 con las concejalas socialistas Alejandra Chena y Gabriela Solano, quienes liderar\u00e1n sus respectivas listas. El precandidato a primer concejal de Q\u00fcesta ser\u00e1 Guillermo Rey Leyes (actual asesor legal del municipio), mientras que V\u00edctor Hugo Camerano ocupar\u00e1 dicho lugar en la n\u00f3mina de Chena y el ex concejal Luis Mart\u00ednez en la de Solano.<\/p>\n<p>En Cambiemos se presentaron dos listas: la del actual edil Miguel Weiss Ackerley como referente del PRO y la del doctor Oscar Buniva, secundado por Florencia Gonz\u00e1lez, en representaci\u00f3n del sector que lidera el intendente santafesino Jos\u00e9 Corral.<\/p>\n<p>Por el lado del justicialismo, las precandidaturas a la intendencia ser\u00e1n 4: las de Juan Manuel Pusineri, Rodrigo Alvizo, Rosana Zamora y Daniel Acu\u00f1a. \u00c9ste \u00faltimo encabezar\u00e1 la lista que tiene como principal referente al ex intendente Roberto Schmidhalter, quien confirm\u00f3 que ir\u00e1 por la renovaci\u00f3n de la banca que ocupa desde 2015, representando al sector que lidera Mar\u00eda Eugenia Bielsa a nivel provincial. Pusineri ir\u00e1 con Sergio Ripoll como primero en la lista, mientras que el \u201cTata\u201d Alvizo tendr\u00e1 a Juli\u00e1n Ilchischen en esa posici\u00f3n. Rosana, se sabe, va a estar acompa\u00f1ada por el ex concejal y ex jefe municipal \u00c1ngel B. Piaggio.<\/p>\n<p>Las localidades Recreo y Rinc\u00f3n no renuevan intendente porque eligieron hace dos a\u00f1os a Omar Colombo y Silvio Gonz\u00e1lez, respectivamente, los dos del FPCyS. S\u00ed deber\u00e1n renovar tres bancas de concejales en cada localidad. En San Jos\u00e9 del Rinc\u00f3n se presentaron 6 listas (de 5 partidos) y en Recreo, 13 (de 8 partidos).<\/p>\n<h6>Fuente: El Litoral<\/h6>\n","protected":false},"excerpt":{"rendered":"<p>De los partidos m\u00e1s importantes, el PJ ser\u00e1 el \u00fanico sector que ir\u00e1 a una interna en esa categor\u00eda, con 4 precandidatos. <\/p>\n","protected":false},"author":2,"featured_media":87454,"comment_status":"closed","ping_status":"closed","sticky":false,"template":"","format":"standard","meta":{"footnotes":""},"categories":[4],"tags":[10],"class_list":["post-87453","post","type-post","status-publish","format-standard","has-post-thumbnail","hentry","category-informe-politico","tag-santa-fe"],"_links":{"self":[{"href":"http:\/\/argentinamunicipal.com.ar\/argentina\/wp-json\/wp\/v2\/posts\/87453","targetHints":{"allow":["GET"]}}],"collection":[{"href":"http:\/\/argentinamunicipal.com.ar\/argentina\/wp-json\/wp\/v2\/posts"}],"about":[{"href":"http:\/\/argentinamunicipal.com.ar\/argentina\/wp-json\/wp\/v2\/types\/post"}],"author":[{"embeddable":true,"href":"http:\/\/argentinamunicipal.com.ar\/argentina\/wp-json\/wp\/v2\/users\/2"}],"replies":[{"embeddable":true,"href":"http:\/\/argentinamunicipal.com.ar\/argentina\/wp-json\/wp\/v2\/comments?post=87453"}],"version-history":[{"count":0,"href":"http:\/\/argentinamunicipal.com.ar\/argentina\/wp-json\/wp\/v2\/posts\/87453\/revisions"}],"wp:featuredmedia":[{"embeddable":true,"href":"http:\/\/argentinamunicipal.com.ar\/argentina\/wp-json\/wp\/v2\/media\/87454"}],"wp:attachment":[{"href":"http:\/\/argentinamunicipal.com.ar\/argentina\/wp-json\/wp\/v2\/media?parent=87453"}],"wp:term":[{"taxonomy":"category","embeddable":true,"href":"http:\/\/argentinamunicipal.com.ar\/argentina\/wp-json\/wp\/v2\/categories?post=87453"},{"taxonomy":"post_tag","embeddable":true,"href":"http:\/\/argentinamunicipal.com.ar\/argentina\/wp-json\/wp\/v2\/tags?post=87453"}],"curies":[{"name":"wp","href":"https:\/\/api.w.org\/{rel}","templated":true}]}}