{"id":87456,"date":"2019-02-27T07:42:43","date_gmt":"2019-02-27T10:42:43","guid":{"rendered":"http:\/\/argentinamunicipal.com.ar\/argentina\/?p=87456"},"modified":"2019-02-27T07:42:43","modified_gmt":"2019-02-27T10:42:43","slug":"rosario-marcha-hoy-contra-los-tarifazos-y-el-ajuste","status":"publish","type":"post","link":"http:\/\/argentinamunicipal.com.ar\/argentina\/rosario-marcha-hoy-contra-los-tarifazos-y-el-ajuste\/","title":{"rendered":"Rosario marcha hoy contra los tarifazos y el ajuste"},"content":{"rendered":"<p>Gremios y organizaciones sociales convocan a las 18 a una movilizaci\u00f3n que partir\u00e1 desde plaza San Mart\u00edn hacia el Monumento a la Bandera.<\/p>\n<p>Rosario marcha hoy contra el tarifazo y los despidos. La movilizaci\u00f3n arranca, a las 18, en plaza San Mart\u00edn y recorrer\u00e1 el centro de la ciudad hasta llegar al Monumento a la Bandera en donde se leer\u00e1 un documento en el que se expresar\u00e1 la \u00abimperiosa necesidad de decir basta a la pol\u00edtica del gobierno de Mauricio Macri que pulveriz\u00f3 el poder adquisitivo de trabajadores y jubilados\u00bb, detallaron los organizadores.<\/p>\n<p>Las organizaciones sociales y gremios que impulsan la movida esperan una alta participaci\u00f3n de los ciudadanos ya que consideran que \u00abtodos juntos\u00bb es la forma para \u00abderrotar el ajuste, los despidos y el tarifazo\u00bb.<\/p>\n<p>Durante una conferencia de prensa que se realiz\u00f3 ayer en el Centro Uni\u00f3n Almaceneros de Rosario para brindar detalles de la jornada de lucha de hoy, se explic\u00f3 que se eligi\u00f3 justamente el 27 de febrero y el Monumento a la Bandera porque se trata del mismo d\u00eda y el mismo lugar en que Belgrano jurara la bandera y la misma ciudad que hace 50 a\u00f1os vivi\u00f3 el Rosariazo y logr\u00f3 un cambio en la \u00e9poca.<\/p>\n<p>Juan Milito, titular del Centro Uni\u00f3n de Almaceneros de Rosario, consider\u00f3 que la marcha \u00abva a ser una expresi\u00f3n del pueblo movilizado en la calle para que cambie esta pol\u00edtica que realmente est\u00e1 asfixiando y llevando a una situaci\u00f3n limite al conjunto de los argentinos\u00bb.<\/p>\n<p>\u00abHay una presi\u00f3n del pueblo en la calle que tiene que hacerse sentir cada vez m\u00e1s. Por eso hablamos del Rosariazo\u00bb, dijo y se\u00f1al\u00f3 que la intenci\u00f3n es \u00abjuntar al conjunto de la ciudadan\u00eda\u00bb, al tiempo que destac\u00f3 como \u00absigno de madurez\u00bb que organizaciones de distintos espacios se junten \u00absin distinci\u00f3n de bander\u00edas en esta gran marcha\u00bb.<\/p>\n<p>\u00abMuchas organizaciones sindicales han dejado de lado sus demandas particulares para decir nno no a los tarifazos, no a los despidos, no al hambre\u00bb, remarc\u00f3.<\/p>\n<p>Del encuentro tambi\u00e9n participaron, entre otros referentes sindicales, Antonio Ratner (Municipales), Sonia Alesso (Amsaf\u00e9 provincial), Gustavo Ter\u00e9s (Amsaf\u00e9 Rosario), Juan Jos\u00e9 Sisca (Apyme), Juan G\u00f3mez (Empleados de Comercio), Edgardo Carmona (Prensa), Claudia Indiviglia (Sindicato Norte) y Eduardo Delmonte (CCC).<\/p>\n<p>Carmona destac\u00f3 \u00abla voluntad de construcci\u00f3n de un frente com\u00fan de unidad, donde el pueblo demuestre qui\u00e9nes son los dirigentes que se hacen cargo de esta problem\u00e1tica y de luchar contra este plan econ\u00f3mico que genera desocupaci\u00f3n, hambre\u00bb. Tambi\u00e9n plante\u00f3 que la CGT nacional se debe \u00abhacer cargo de las circunstancias y generar medidas contundentes, como un paro nacional para seguir escalando en esta resistencia a este modelo econ\u00f3mico que deja afuera al pueblo\u00bb.<\/p>\n<p>Desde Plaza San Mart\u00edn, la movilizaci\u00f3n recorrer\u00e1 calle C\u00f3rdoba hasta Paraguay, luego tomar\u00e1 San Luis, Buenos Aires y desembocar en el Monumento. La consigna es sumarse a la marcha con una bandera argentina.<\/p>\n<h6>Fuente: La Capital<\/h6>\n","protected":false},"excerpt":{"rendered":"<p>Gremios y organizaciones sociales convocan a las 18 a una movilizaci\u00f3n que partir\u00e1 desde plaza San Mart\u00edn hacia el Monumento a la Bandera.<\/p>\n","protected":false},"author":2,"featured_media":87457,"comment_status":"closed","ping_status":"closed","sticky":false,"template":"","format":"standard","meta":{"footnotes":""},"categories":[2],"tags":[10],"class_list":["post-87456","post","type-post","status-publish","format-standard","has-post-thumbnail","hentry","category-informe-municipal","tag-santa-fe"],"_links":{"self":[{"href":"http:\/\/argentinamunicipal.com.ar\/argentina\/wp-json\/wp\/v2\/posts\/87456","targetHints":{"allow":["GET"]}}],"collection":[{"href":"http:\/\/argentinamunicipal.com.ar\/argentina\/wp-json\/wp\/v2\/posts"}],"about":[{"href":"http:\/\/argentinamunicipal.com.ar\/argentina\/wp-json\/wp\/v2\/types\/post"}],"author":[{"embeddable":true,"href":"http:\/\/argentinamunicipal.com.ar\/argentina\/wp-json\/wp\/v2\/users\/2"}],"replies":[{"embeddable":true,"href":"http:\/\/argentinamunicipal.com.ar\/argentina\/wp-json\/wp\/v2\/comments?post=87456"}],"version-history":[{"count":0,"href":"http:\/\/argentinamunicipal.com.ar\/argentina\/wp-json\/wp\/v2\/posts\/87456\/revisions"}],"wp:featuredmedia":[{"embeddable":true,"href":"http:\/\/argentinamunicipal.com.ar\/argentina\/wp-json\/wp\/v2\/media\/87457"}],"wp:attachment":[{"href":"http:\/\/argentinamunicipal.com.ar\/argentina\/wp-json\/wp\/v2\/media?parent=87456"}],"wp:term":[{"taxonomy":"category","embeddable":true,"href":"http:\/\/argentinamunicipal.com.ar\/argentina\/wp-json\/wp\/v2\/categories?post=87456"},{"taxonomy":"post_tag","embeddable":true,"href":"http:\/\/argentinamunicipal.com.ar\/argentina\/wp-json\/wp\/v2\/tags?post=87456"}],"curies":[{"name":"wp","href":"https:\/\/api.w.org\/{rel}","templated":true}]}}