{"id":87462,"date":"2019-02-27T05:46:42","date_gmt":"2019-02-27T08:46:42","guid":{"rendered":"http:\/\/argentinamunicipal.com.ar\/argentina\/?p=87462"},"modified":"2019-02-27T07:48:23","modified_gmt":"2019-02-27T10:48:23","slug":"macri-lo-volvio-a-hacer-designo-a-un-ex-ceo-de-edenor-en-la-secretaria-de-energia","status":"publish","type":"post","link":"http:\/\/argentinamunicipal.com.ar\/argentina\/macri-lo-volvio-a-hacer-designo-a-un-ex-ceo-de-edenor-en-la-secretaria-de-energia\/","title":{"rendered":"Macri lo volvi\u00f3 a hacer: design\u00f3 a un ex Ceo de Edenor en la Secretar\u00eda de Energ\u00eda"},"content":{"rendered":"<p>El presidente lo eligi\u00f3 para desempe\u00f1arse como secretario de Recursos Renovables y Mercado El\u00e9ctrico, dentro de la Secretar\u00eda que dirige Lopetegui. Su designaci\u00f3n se da en el marco de cortes de luz y tarifazos que benefician a las empresas donde trabaj\u00f3.<\/p>\n<p>Ni los sucesivos cortes de luz, ni los tarifazos ni los reclamos parecen mover un pelo en la Casa Rosada al momento de designar funcionarios dentro de la \u2013ahora- Secretar\u00eda de Energ\u00eda a cargo de\u00a0Gustavo Lopetegui.<\/p>\n<p>As\u00ed fue como\u00a0Juan Garade, ex Ceo de las energ\u00e9ticas\u00a0Edenor y Edesur, ser\u00e1 el flamante secretario de Recursos Renovables y Mercado El\u00e9ctrico que depende de esa cartera.<\/p>\n<p>A trav\u00e9s de un nuevo decreto, el presidente design\u00f3 al hombre de los negocios quien hasta hace poco cumpl\u00eda un rol en el Ente Nacional Regulador de Energ\u00eda (ENRE).<\/p>\n<p>Garade hab\u00eda trabajado como director de Planfiicaci\u00f3n, Control y regulaci\u00f3n de Edesur en 2001 y 2002, y tambi\u00e9n fue gerente de Planificaci\u00f3n Econ\u00f3mica de la empresa Edenor, entre los a\u00f1os 1992 y 1998.<\/p>\n<p>Todo ocurre en medio de una ola de cortes de luz en diferentes partes del Conurbano y la provincia, que le\u00a0generan incalculables p\u00e9rdidas a comerciantes y angustias para miles de vecinos,\u00a0sin contar la desesperaci\u00f3n de aquellas familias que tienen a una persona\u00a0electrodependientes.<\/p>\n<p>Aun as\u00ed, al gobierno de Macri le interesa seguir profundizando los lazos empresariales dentro del gobierno. Por ahora, la experiencia de los Ceos no dejan buenos resultados, m\u00e1s bien ganancias para sus ex empresas.<\/p>\n<p>Eso se vio reflejado en la designaci\u00f3n como ministro de Energ\u00eda a Juan\u00a0Jos\u00e9 Aranguren, ex Ceo de Shell, cuando el gobierno benefici\u00f3 la importaci\u00f3n de gas desde Chile y favoreci\u00f3 especialmente a esa empresa.<\/p>\n<p>Por su parte, tambi\u00e9n sucedi\u00f3 con el ministro de Finanzas\u00a0Luis Caputo, quien se hab\u00eda desempe\u00f1ado como gerente de la J.P Morgan y el Deutsche Bank, los bancos que m\u00e1s ganaron en la colocaci\u00f3n de d\u00f3lares y otras circunstancias financieras.<\/p>\n<p>Lo mismo se dio con el ex secretario de Comercio,\u00a0Miguel Braun, quien \u2013definido por algunos como un \u201czorro en el gallinero\u201d- debi\u00f3 controlar los precios de varias cadenas de supermercados, entre ellas la suya: La An\u00f3nima.<\/p>\n<h6>Fuente: InfoCielo<\/h6>\n","protected":false},"excerpt":{"rendered":"<p>El presidente lo eligi\u00f3 para desempe\u00f1arse como secretario de Recursos Renovables y Mercado El\u00e9ctrico, dentro de la Secretar\u00eda que dirige Lopetegui. Su designaci\u00f3n se da en el marco de cortes de luz y tarifazos que benefician a las empresas donde trabaj\u00f3.<\/p>\n","protected":false},"author":2,"featured_media":87463,"comment_status":"closed","ping_status":"closed","sticky":false,"template":"","format":"standard","meta":{"footnotes":""},"categories":[8],"tags":[21],"class_list":["post-87462","post","type-post","status-publish","format-standard","has-post-thumbnail","hentry","category-informe-nacional","tag-argentina"],"_links":{"self":[{"href":"http:\/\/argentinamunicipal.com.ar\/argentina\/wp-json\/wp\/v2\/posts\/87462","targetHints":{"allow":["GET"]}}],"collection":[{"href":"http:\/\/argentinamunicipal.com.ar\/argentina\/wp-json\/wp\/v2\/posts"}],"about":[{"href":"http:\/\/argentinamunicipal.com.ar\/argentina\/wp-json\/wp\/v2\/types\/post"}],"author":[{"embeddable":true,"href":"http:\/\/argentinamunicipal.com.ar\/argentina\/wp-json\/wp\/v2\/users\/2"}],"replies":[{"embeddable":true,"href":"http:\/\/argentinamunicipal.com.ar\/argentina\/wp-json\/wp\/v2\/comments?post=87462"}],"version-history":[{"count":0,"href":"http:\/\/argentinamunicipal.com.ar\/argentina\/wp-json\/wp\/v2\/posts\/87462\/revisions"}],"wp:featuredmedia":[{"embeddable":true,"href":"http:\/\/argentinamunicipal.com.ar\/argentina\/wp-json\/wp\/v2\/media\/87463"}],"wp:attachment":[{"href":"http:\/\/argentinamunicipal.com.ar\/argentina\/wp-json\/wp\/v2\/media?parent=87462"}],"wp:term":[{"taxonomy":"category","embeddable":true,"href":"http:\/\/argentinamunicipal.com.ar\/argentina\/wp-json\/wp\/v2\/categories?post=87462"},{"taxonomy":"post_tag","embeddable":true,"href":"http:\/\/argentinamunicipal.com.ar\/argentina\/wp-json\/wp\/v2\/tags?post=87462"}],"curies":[{"name":"wp","href":"https:\/\/api.w.org\/{rel}","templated":true}]}}