{"id":87484,"date":"2019-02-28T06:17:10","date_gmt":"2019-02-28T09:17:10","guid":{"rendered":"http:\/\/argentinamunicipal.com.ar\/argentina\/?p=87484"},"modified":"2019-02-28T06:17:10","modified_gmt":"2019-02-28T09:17:10","slug":"el-hoyo-incremento-salarial-del-30-a-empleados-municipales","status":"publish","type":"post","link":"http:\/\/argentinamunicipal.com.ar\/argentina\/el-hoyo-incremento-salarial-del-30-a-empleados-municipales\/","title":{"rendered":"El Hoyo: Incremento salarial del 30% a empleados municipales"},"content":{"rendered":"<p>Esta ma\u00f1ana el intendente de El Hoyo, Daniel C\u00e1rdenas, se\u00a0reuni\u00f3\u00a0con trabajadores de planta permanente a quienes les anuncio un 30% de incremento salarial, distribuido en tres tamos.<\/p>\n<p>El primer 10% de aumento salarial los trabajadores lo ver\u00e1n reflejado en el salario del mes de febrero; el otro 10 % en Abril y el 10 % restante con el sueldo del mes de junio.<\/p>\n<p>El mandatario municipal, expres\u00f3 su agradecimiento a todo el personal municipal por su labor y compromiso diario, cada uno desde su lugar.<\/p>\n<p>As\u00ed mismo remarco que a pesar de todo lo vivido durante estos tres a\u00f1os, en los que se han pasado momentos econ\u00f3micos dif\u00edciles \u201cHoy podemos decir que tenemos un municipio saneado sin grandes deudas\u201d, asegur\u00f3.<\/p>\n<p>Al tiempo que inform\u00f3 que desde su asunci\u00f3n a la intendencia, la pol\u00edtica salarial implementada apunt\u00f3 a equiparar los salarios de empleados de planta permanente con el personal contratado, es as\u00ed que de apoco fue mejor\u00e1ndose la situaci\u00f3n de todos.<\/p>\n<p>Los empleados contratados, arrancaron el 2019 recibiendo un aumento del 10 % correspondiente al mes de enero; por lo que en el marco de la equidad buscada con los salarios de abril (10%) y junio (10%) recibir\u00e1n el restante 20 % de aumento.<\/p>\n<p>Por otra parte C\u00e1rdenas, inform\u00f3 que a esta decisi\u00f3n de incremento salarial de un 30% , planteada por propia iniciativa luego de evaluar con el \u00e1rea contable la situaci\u00f3n de las arcas municipales, se suma la decisi\u00f3n de subir dos categor\u00edas a los empleados del escalaf\u00f3n m\u00e1s bajo.<\/p>\n<p>El intendente de El Hoyo, le dijo a los trabajadores \u201cEstoy abierto a escucharlos y responder a cualquier inquietud que tengan. De ac\u00e1 en m\u00e1s cada vez que se pueda dar un aumento va a ser para todos igual, tanto a los de planta permanente como a contratados\u201d.<\/p>\n<h6>Fuente: El Chubut<\/h6>\n","protected":false},"excerpt":{"rendered":"<p>Esta ma\u00f1ana el intendente de El Hoyo, Daniel C\u00e1rdenas, se\u00a0reuni\u00f3\u00a0con trabajadores de planta permanente a quienes les anuncio un 30% de incremento salarial, distribuido en tres tamos.<\/p>\n","protected":false},"author":2,"featured_media":87485,"comment_status":"closed","ping_status":"closed","sticky":false,"template":"","format":"standard","meta":{"footnotes":""},"categories":[7],"tags":[14],"class_list":["post-87484","post","type-post","status-publish","format-standard","has-post-thumbnail","hentry","category-informe-sindical","tag-chubut"],"_links":{"self":[{"href":"http:\/\/argentinamunicipal.com.ar\/argentina\/wp-json\/wp\/v2\/posts\/87484","targetHints":{"allow":["GET"]}}],"collection":[{"href":"http:\/\/argentinamunicipal.com.ar\/argentina\/wp-json\/wp\/v2\/posts"}],"about":[{"href":"http:\/\/argentinamunicipal.com.ar\/argentina\/wp-json\/wp\/v2\/types\/post"}],"author":[{"embeddable":true,"href":"http:\/\/argentinamunicipal.com.ar\/argentina\/wp-json\/wp\/v2\/users\/2"}],"replies":[{"embeddable":true,"href":"http:\/\/argentinamunicipal.com.ar\/argentina\/wp-json\/wp\/v2\/comments?post=87484"}],"version-history":[{"count":0,"href":"http:\/\/argentinamunicipal.com.ar\/argentina\/wp-json\/wp\/v2\/posts\/87484\/revisions"}],"wp:featuredmedia":[{"embeddable":true,"href":"http:\/\/argentinamunicipal.com.ar\/argentina\/wp-json\/wp\/v2\/media\/87485"}],"wp:attachment":[{"href":"http:\/\/argentinamunicipal.com.ar\/argentina\/wp-json\/wp\/v2\/media?parent=87484"}],"wp:term":[{"taxonomy":"category","embeddable":true,"href":"http:\/\/argentinamunicipal.com.ar\/argentina\/wp-json\/wp\/v2\/categories?post=87484"},{"taxonomy":"post_tag","embeddable":true,"href":"http:\/\/argentinamunicipal.com.ar\/argentina\/wp-json\/wp\/v2\/tags?post=87484"}],"curies":[{"name":"wp","href":"https:\/\/api.w.org\/{rel}","templated":true}]}}