{"id":87493,"date":"2019-02-28T06:29:07","date_gmt":"2019-02-28T09:29:07","guid":{"rendered":"http:\/\/argentinamunicipal.com.ar\/argentina\/?p=87493"},"modified":"2019-02-28T06:29:07","modified_gmt":"2019-02-28T09:29:07","slug":"un-pj-cada-vez-mas-unificado-advirtio-sobre-el-posible-fraude-en-las-elecciones","status":"publish","type":"post","link":"http:\/\/argentinamunicipal.com.ar\/argentina\/un-pj-cada-vez-mas-unificado-advirtio-sobre-el-posible-fraude-en-las-elecciones\/","title":{"rendered":"Un PJ cada vez m\u00e1s unificado advirti\u00f3 sobre el posible fraude en las elecciones"},"content":{"rendered":"<p>En una reuni\u00f3n de la Mesa de Acci\u00f3n Pol\u00edtica del PJ Nacional, los dirigentes pol\u00edticos expusieron su preocupaci\u00f3n sobre las modificaciones del C\u00f3digo Electoral que busca implementar Cambiemos. \u00abNo queremos decir que est\u00e1n preparando un fraude nacional, pero no podemos dejar de se\u00f1alar nuestras sospechas\u201d, expusieron.<br \/>\nLa consigna de la unidad en el peronismo empieza a avizorar acciones concretas en la b\u00fasqueda por el retorno al poder. Esta vez, en la\u00a0Mesa de Acci\u00f3n Pol\u00edtica del PJ\u00a0nacional se vieron las caras dirigentes que hasta ahora parec\u00edan evitarse.<\/p>\n<p>En el encuentro, un paso previo hacia el Congreso del PJ nacional que se celebrar\u00e1 el pr\u00f3ximo jueves 7 de marzo en el microestadio de Ferro, se detuvo sin embargo en un tema ser\u00e1 vox p\u00f3puli en los pr\u00f3ximos meses:\u00a0el fantasma del fraude electoral.<\/p>\n<p>Luego de que el gobierno haya contratado a una sospechada empresa de recuento de votos y ahora diera se\u00f1ales de querer\u00a0modificar el C\u00f3digo Electoral, el peronismo sali\u00f3 al cruce en un solo grito, adelant\u00e1ndose a una nueva elecci\u00f3n marcada por la irregularidad y el posible fraude.<\/p>\n<p>\u00abNo queremos decir que est\u00e1n preparando un fraude nacional ante el contexto electoral adverso que seguramente derivar\u00e1 en una derrota estrepitosa de Cambiemos,\u00a0pero no podemos dejar de se\u00f1alar nuestras sospechas\u00bb,\u00a0sugiri\u00f3 el presidente del partido, Jos\u00e9 Luis Gioja.<\/p>\n<p>\u00abNo vamos a permitir que nos metan la mula\u201d, expres\u00f3 sin tapujos.<\/p>\n<p>La oposici\u00f3n analiza que el gobierno nacional llega a las elecciones en un momento adverso, que incluso podr\u00eda seguir complic\u00e1ndose de acuerdo a lo que suceda con la econom\u00eda.<\/p>\n<p>En ese duro escenario, advierten que el sistema electoral podr\u00eda ser un elemento desencadenante para permitirle una \u201cayudita\u201d al gobierno que preside Macri.<\/p>\n<p>Espec\u00edficamente, se preocupan por lo que pueda pasar con el\u00a0voto del personal\u00a0que estar\u00e1 a cargo de la seguridad del comicios,\u00a0con el voto de los argentinos residentes en el extranjero\u00a0y, fundamentalmente, con\u00a0la eliminaci\u00f3n del Acta de Comicios.<\/p>\n<p>En la larga mesa del nuevo peronismo unificado, se lo pudo ver al ex gobernador de la provincia\u00a0Daniel Scioli, pero tambi\u00e9n figuras hasta ahora d\u00edscolas de la estructura pegotista como\u00a0Alberto Fern\u00e1ndez, H\u00e9ctor Daer y\u00a0 Felipe Sol\u00e1.<\/p>\n<p>Adem\u00e1s estuvieron presentes, Eduardo \u201cWado\u201d de Pedro, Jos\u00e9 Mar\u00eda Vernet, Gin\u00e9s Gonz\u00e1lez Garc\u00eda, Cristina \u00c1lvarez Rodr\u00edguez, Leonardo Nardini, Fernando Espinoza, Alberto Rodr\u00edguez Saa, Jorge Taiana, Beatriz Rojk\u00e9s de Alperovich, Ricardo Pignanelli, Hugo Yasky, V\u00edctor Santamar\u00eda, Gustavo Men\u00e9ndez, H\u00e9ctor Daer, Estela Mary Neder y Hugo Moyano.<\/p>\n<p>Por su parte, otro de los que asumi\u00f3 formalmente como miembro de la Comisi\u00f3n de Acci\u00f3n Pol\u00edtica del PJ nacional fue el presidente del PJ bonaerense,\u00a0Fernando Gray.<\/p>\n<p>El intendente de Esteban Echeverr\u00eda asegur\u00f3 que\u00a0\u201cestamos atravesando un per\u00edodo in\u00e9dito de unidad de todo el campo popular\u201d.<\/p>\n<p>En esta l\u00ednea, el Presidente del PJ Bonaerense se\u00f1al\u00f3 que \u201ctenemos la enorme responsabilidad como principal espacio pol\u00edtico opositor de reorganizar nuestro peronismo y devolverle en triunfo a la provincia de Buenos Aires\u201d.<\/p>\n<h6>Fuente: InfoNews<\/h6>\n","protected":false},"excerpt":{"rendered":"<p>En una reuni\u00f3n de la Mesa de Acci\u00f3n Pol\u00edtica del PJ Nacional, los dirigentes pol\u00edticos expusieron su preocupaci\u00f3n sobre las modificaciones del C\u00f3digo Electoral que busca implementar Cambiemos. <\/p>\n","protected":false},"author":2,"featured_media":87494,"comment_status":"closed","ping_status":"closed","sticky":false,"template":"","format":"standard","meta":{"footnotes":""},"categories":[4],"tags":[12],"class_list":["post-87493","post","type-post","status-publish","format-standard","has-post-thumbnail","hentry","category-informe-politico","tag-buenos-aires"],"_links":{"self":[{"href":"http:\/\/argentinamunicipal.com.ar\/argentina\/wp-json\/wp\/v2\/posts\/87493","targetHints":{"allow":["GET"]}}],"collection":[{"href":"http:\/\/argentinamunicipal.com.ar\/argentina\/wp-json\/wp\/v2\/posts"}],"about":[{"href":"http:\/\/argentinamunicipal.com.ar\/argentina\/wp-json\/wp\/v2\/types\/post"}],"author":[{"embeddable":true,"href":"http:\/\/argentinamunicipal.com.ar\/argentina\/wp-json\/wp\/v2\/users\/2"}],"replies":[{"embeddable":true,"href":"http:\/\/argentinamunicipal.com.ar\/argentina\/wp-json\/wp\/v2\/comments?post=87493"}],"version-history":[{"count":0,"href":"http:\/\/argentinamunicipal.com.ar\/argentina\/wp-json\/wp\/v2\/posts\/87493\/revisions"}],"wp:featuredmedia":[{"embeddable":true,"href":"http:\/\/argentinamunicipal.com.ar\/argentina\/wp-json\/wp\/v2\/media\/87494"}],"wp:attachment":[{"href":"http:\/\/argentinamunicipal.com.ar\/argentina\/wp-json\/wp\/v2\/media?parent=87493"}],"wp:term":[{"taxonomy":"category","embeddable":true,"href":"http:\/\/argentinamunicipal.com.ar\/argentina\/wp-json\/wp\/v2\/categories?post=87493"},{"taxonomy":"post_tag","embeddable":true,"href":"http:\/\/argentinamunicipal.com.ar\/argentina\/wp-json\/wp\/v2\/tags?post=87493"}],"curies":[{"name":"wp","href":"https:\/\/api.w.org\/{rel}","templated":true}]}}