{"id":87496,"date":"2019-02-28T06:32:13","date_gmt":"2019-02-28T09:32:13","guid":{"rendered":"http:\/\/argentinamunicipal.com.ar\/argentina\/?p=87496"},"modified":"2019-02-28T06:32:13","modified_gmt":"2019-02-28T09:32:13","slug":"la-cgt-debe-protestar","status":"publish","type":"post","link":"http:\/\/argentinamunicipal.com.ar\/argentina\/la-cgt-debe-protestar\/","title":{"rendered":"\u201cLa CGT debe protestar\u201d"},"content":{"rendered":"<p>\u201cEs un momento de salir a manifestarse por la grave situaci\u00f3n que atraviesan los trabajadores de la industria\u201d, asegur\u00f3 uno de los principales referentes de la Uni\u00f3n Obrera Metal\u00fargica (UOM), Francisco \u201cBarba\u201d Guti\u00e9rrez. El dirigente se\u00f1al\u00f3 que es preciso que \u201cla CGT convoque a un Comit\u00e9 Central Confederal para que aprobar un plan de movilizaci\u00f3n y lucha contra la crisis que provoc\u00f3 el modelo econ\u00f3mico del gobierno\u201d.<\/p>\n<p>La UOM est\u00e1 siendo uno de los gremios m\u00e1s afectados por el plan econ\u00f3mico ante la continua ca\u00edda de la actividad industrial, que incluye suspensiones, cierres de f\u00e1bricas y, por lo tanto, los despidos que se conocen d\u00eda a d\u00eda. Guti\u00e9rrez asegur\u00f3 que es preciso que \u201cla CGT movilice sus cuadros org\u00e1nicos, los secretarios generales y se convoque a un Confederal para luchar contra el modelo. Ac\u00e1 no est\u00e1 en juego la conducci\u00f3n de la CGT sino el cuidado de los puestos de trabajo porque el salario se cae a pedazo y todos los d\u00edas tenemos la noticia de que se cerr\u00f3 una f\u00e1brica y eso es sin\u00f3nimo de mayor desempleo\u201d.<\/p>\n<p>La producci\u00f3n fabril acumula varios meses de ca\u00edda interanual y su peor momento comenz\u00f3 en mayo del a\u00f1o pasado junto a la crisis cambiaria. La actividad retrocedi\u00f3 ese mes 1,1 por ciento, para luego encadenar bajas que en diciembre pasado se hundi\u00f3 en un 14,7 por ciento. La ca\u00edda es tan fuerte que para encontrar resultados similares hay que remontarse a junio de 2002.<\/p>\n<h6>Fuente: P\u00e1gina 12<\/h6>\n","protected":false},"excerpt":{"rendered":"<p>\u201cEs un momento de salir a manifestarse por la grave situaci\u00f3n que atraviesan los trabajadores de la industria\u201d<\/p>\n","protected":false},"author":2,"featured_media":87497,"comment_status":"closed","ping_status":"closed","sticky":false,"template":"","format":"standard","meta":{"footnotes":""},"categories":[8],"tags":[21],"class_list":["post-87496","post","type-post","status-publish","format-standard","has-post-thumbnail","hentry","category-informe-nacional","tag-argentina"],"_links":{"self":[{"href":"http:\/\/argentinamunicipal.com.ar\/argentina\/wp-json\/wp\/v2\/posts\/87496","targetHints":{"allow":["GET"]}}],"collection":[{"href":"http:\/\/argentinamunicipal.com.ar\/argentina\/wp-json\/wp\/v2\/posts"}],"about":[{"href":"http:\/\/argentinamunicipal.com.ar\/argentina\/wp-json\/wp\/v2\/types\/post"}],"author":[{"embeddable":true,"href":"http:\/\/argentinamunicipal.com.ar\/argentina\/wp-json\/wp\/v2\/users\/2"}],"replies":[{"embeddable":true,"href":"http:\/\/argentinamunicipal.com.ar\/argentina\/wp-json\/wp\/v2\/comments?post=87496"}],"version-history":[{"count":0,"href":"http:\/\/argentinamunicipal.com.ar\/argentina\/wp-json\/wp\/v2\/posts\/87496\/revisions"}],"wp:featuredmedia":[{"embeddable":true,"href":"http:\/\/argentinamunicipal.com.ar\/argentina\/wp-json\/wp\/v2\/media\/87497"}],"wp:attachment":[{"href":"http:\/\/argentinamunicipal.com.ar\/argentina\/wp-json\/wp\/v2\/media?parent=87496"}],"wp:term":[{"taxonomy":"category","embeddable":true,"href":"http:\/\/argentinamunicipal.com.ar\/argentina\/wp-json\/wp\/v2\/categories?post=87496"},{"taxonomy":"post_tag","embeddable":true,"href":"http:\/\/argentinamunicipal.com.ar\/argentina\/wp-json\/wp\/v2\/tags?post=87496"}],"curies":[{"name":"wp","href":"https:\/\/api.w.org\/{rel}","templated":true}]}}