{"id":87499,"date":"2019-02-28T06:34:12","date_gmt":"2019-02-28T09:34:12","guid":{"rendered":"http:\/\/argentinamunicipal.com.ar\/argentina\/?p=87499"},"modified":"2019-02-28T06:34:12","modified_gmt":"2019-02-28T09:34:12","slug":"dolor-en-metalpar-cierra-la-fabrica-de-carrocerias-para-colectivos-mas-grande-del-pais","status":"publish","type":"post","link":"http:\/\/argentinamunicipal.com.ar\/argentina\/dolor-en-metalpar-cierra-la-fabrica-de-carrocerias-para-colectivos-mas-grande-del-pais\/","title":{"rendered":"Dolor en Metalpar: Cierra la f\u00e1brica de carrocer\u00edas para colectivos m\u00e1s grande del pa\u00eds"},"content":{"rendered":"<p>M\u00e1s de 500 trabajadores podr\u00edan quedarse sin sus puestos laborales en Metalpar. Aseguran que la ca\u00edda de las ventas y fundamentalmente, las altas tasas de inter\u00e9s para el sector, afectaron de muerte a la empresa.<br \/>\nEn el marco de ca\u00edda de ventas y la imposibilidad de acceder a pr\u00e9stamos a altas tasas de inter\u00e9s por parte de las empresas, la f\u00e1brica m\u00e1s grande de carrocer\u00edas para colectivos,\u00a0Metalpar, cerrar\u00e1 sus puertas y dejar\u00e1 a m\u00e1s de\u00a0500 trabajadores en la calle.<\/p>\n<p>Se calcula que entre los operarios, personal de limpieza, seguridad, mantenimiento y otros que depend\u00edan indirectamente como proveedores, el cierre de la planta ubicada en Loma Hermosa, Tres de Febrero, significar\u00eda cerca de mil puestos laborales afectados.<\/p>\n<p>Aunque ni el gremio ni los directivos de Metalpar dieron mayores detalles sobre esta decisi\u00f3n, es de trascendencia que las\u00a0altas tasas de inter\u00e9s\u00a0afectaron directamente para la\u00a0renovaci\u00f3n de algunas unidades por parte de las empresas de colectivos, lo que implic\u00f3 en menores ventas.<\/p>\n<p>Ya en 2018, la crisis que comenzaba a agudizarse hab\u00eda desembocado en cientos de suspendidos y despidos, lo que alarm\u00f3 al gremio del SMATA.<\/p>\n<p>Los pedidos para que el gobierno pudiera generar medidas que pudieran evitar el cierre total de la f\u00e1brica, nunca llegaron, a pesar de los pedidos desesperados del sector. Es que, aseguran, el negocio de la carrocer\u00eda depende fundamentalmente del cr\u00e9dito, algo que con la\u00a0disparada del d\u00f3lar y la suba exorbitante de las tasas de inter\u00e9s, lo afect\u00f3 de muerte.<\/p>\n<p>Metalpar es una empresa con capitales chilenos y brasile\u00f1os y adem\u00e1s de la planta ubicada en Loma Hermosa (Tres de Febrero), tambi\u00e9n es due\u00f1a de la f\u00e1brica de Metalsur, con sede en Villa Gobernador G\u00e1lvez, Santa Fe. En la segunda, la empresa hab\u00eda echado a varios trabajadores por la crisis.<\/p>\n<p>As\u00ed, la crisis a la que el gobierno nacional insiste con llamar\u00a0\u201ctormenta\u201d\u00a0y a la cual no parecen combatir asegurando que\u00a0\u201ceste es el \u00fanico camino\u201d, tambi\u00e9n golpea a las f\u00e1bricas m\u00e1s poderosas del pa\u00eds. En sus mejores momentos, Metalpar lleg\u00f3 a producir\u00a012 colectivos por d\u00eda\u00a0y absorber cientos de puestos de trabajo.<\/p>\n<p>En tanto, la ca\u00edda de la econom\u00eda en 2018 fue de 2,6 por ciento y la situaci\u00f3n de las empresas y Pymes es alarmante. Seg\u00fan un informe del\u00a0Centro de Econom\u00eda Pol\u00edtica Argentina\u00a0(CEPA), desde el 2016 a la fecha\u00a0m\u00e1s de\u00a0246 empresas entraron en Procedimiento Preventivo de Crisis,\u00a0as\u00ed como unas\u00a0805\u00a0lo hicieron en un concurso preventivo de acreedores, mientras que\u00a02.177 quebraron directamente.<\/p>\n<h6>Fuente: InfoCielo<\/h6>\n","protected":false},"excerpt":{"rendered":"<p>M\u00e1s de 500 trabajadores podr\u00edan quedarse sin sus puestos laborales en Metalpar. Aseguran que la ca\u00edda de las ventas y fundamentalmente, las altas tasas de inter\u00e9s para el sector, afectaron de muerte a la empresa.<\/p>\n","protected":false},"author":2,"featured_media":87500,"comment_status":"closed","ping_status":"closed","sticky":false,"template":"","format":"standard","meta":{"footnotes":""},"categories":[2],"tags":[12],"class_list":["post-87499","post","type-post","status-publish","format-standard","has-post-thumbnail","hentry","category-informe-municipal","tag-buenos-aires"],"_links":{"self":[{"href":"http:\/\/argentinamunicipal.com.ar\/argentina\/wp-json\/wp\/v2\/posts\/87499","targetHints":{"allow":["GET"]}}],"collection":[{"href":"http:\/\/argentinamunicipal.com.ar\/argentina\/wp-json\/wp\/v2\/posts"}],"about":[{"href":"http:\/\/argentinamunicipal.com.ar\/argentina\/wp-json\/wp\/v2\/types\/post"}],"author":[{"embeddable":true,"href":"http:\/\/argentinamunicipal.com.ar\/argentina\/wp-json\/wp\/v2\/users\/2"}],"replies":[{"embeddable":true,"href":"http:\/\/argentinamunicipal.com.ar\/argentina\/wp-json\/wp\/v2\/comments?post=87499"}],"version-history":[{"count":0,"href":"http:\/\/argentinamunicipal.com.ar\/argentina\/wp-json\/wp\/v2\/posts\/87499\/revisions"}],"wp:featuredmedia":[{"embeddable":true,"href":"http:\/\/argentinamunicipal.com.ar\/argentina\/wp-json\/wp\/v2\/media\/87500"}],"wp:attachment":[{"href":"http:\/\/argentinamunicipal.com.ar\/argentina\/wp-json\/wp\/v2\/media?parent=87499"}],"wp:term":[{"taxonomy":"category","embeddable":true,"href":"http:\/\/argentinamunicipal.com.ar\/argentina\/wp-json\/wp\/v2\/categories?post=87499"},{"taxonomy":"post_tag","embeddable":true,"href":"http:\/\/argentinamunicipal.com.ar\/argentina\/wp-json\/wp\/v2\/tags?post=87499"}],"curies":[{"name":"wp","href":"https:\/\/api.w.org\/{rel}","templated":true}]}}