{"id":87515,"date":"2019-02-28T07:04:44","date_gmt":"2019-02-28T10:04:44","guid":{"rendered":"http:\/\/argentinamunicipal.com.ar\/argentina\/?p=87515"},"modified":"2019-02-28T07:04:44","modified_gmt":"2019-02-28T10:04:44","slug":"la-intendenta-de-rosario-dio-de-baja-el-convenio-con-nacion-para-reparar-el-monumento","status":"publish","type":"post","link":"http:\/\/argentinamunicipal.com.ar\/argentina\/la-intendenta-de-rosario-dio-de-baja-el-convenio-con-nacion-para-reparar-el-monumento\/","title":{"rendered":"La intendenta de Rosario dio de baja el convenio con Naci\u00f3n para reparar el Monumento"},"content":{"rendered":"<p>El municipio asumir\u00e1 las obras que restan para terminar la remodelaci\u00f3n. La Naci\u00f3n lleg\u00f3 a ejecutar s\u00f3lo el 50 por ciento en dos a\u00f1os.<\/p>\n<p>En el acto de conmemoraci\u00f3n por el 207\u00ba aniversario de la creaci\u00f3n de la Bandera, la intendenta M\u00f3nica Fein anunci\u00f3 que dio de baja el convenio firmado con el gobierno nacional para la reparaci\u00f3n del Monumento y asegur\u00f3 que el municipio se har\u00e1 cargo del 50 por ciento que resta para terminarla.<\/p>\n<p>Fein solicit\u00f3 al gobierno nacional que termine las tareas b\u00e1sicas de impermeabilizaci\u00f3n y cambio de algunas placas que est\u00e1n realizando, y entreguen la obra para que la Municipalidad la finalice. Desde la Intendencia calculan que a fines de mayo o principios de junio la empresa que est\u00e1 llevando adelante las reparaciones podr\u00eda entregar el final de obra, y reci\u00e9n entonces se presentar\u00eda la licitaci\u00f3n para concluirlas.<\/p>\n<p>La remodelaci\u00f3n y puesta en valor del Monumento comenzaron hace dos a\u00f1os, y a este ritmo podr\u00eda durar otros dos a\u00f1os m\u00e1s. Por eso la intendenta decidi\u00f3 terminar con el convenio firmado con la Naci\u00f3n y asumir estos trabajos.<\/p>\n<p>\u00abLos argentinos no nos merecemos que este Monumento Nacional no tenga la valoraci\u00f3n que corresponde. Y no se pudo llegar a ese objetivo despu\u00e9s de m\u00e1s de 10 viajes a Buenos Aires en busca de una respuesta\u00bb, manifest\u00f3 la mandataria.<\/p>\n<p>\u00abNosotros licitaremos las obras que faltan, el acondicionamiento que corresponde, la Sala de las Provincias y vamos terminar de poner en valor el Monumento Nacional a la Bandera, que es de todos los argentinos, que est\u00e1 bajo nuestra custodia y es nuestro lugar com\u00fan, y es un s\u00edmbolo de la ciudad\u00bb, asegur\u00f3 sin medias tintas la jefa comunal.<\/p>\n<p>Lo que falta<\/p>\n<p>El municipio se har\u00e1 cargo de la remodelaci\u00f3n de la Sala de las Provincias, la colocaci\u00f3n de aire acondicionado y todas las tareas de restauraci\u00f3n que faltan para terminar las tareas que inici\u00f3 el gobierno nacional.<\/p>\n<p>Para ello llamar\u00e1 a licitaci\u00f3n a las empresas que puedan llevarlo a cabo.<\/p>\n<p>Seg\u00fan datos del Municipio, la obra se hab\u00eda presupuestado en 146 millones de pesos, que luego se redujeron a 86 millones porque Naci\u00f3n no pod\u00eda derivar m\u00e1s fondos. \u00abSe hicieron dos propuestas: cerrar esta etapa o dilatarla en el tiempo. Y finalmente la intendenta resolvi\u00f3 finalizar el contrato y avanzar con las obras con fondos locales\u00bb, se\u00f1alaron fuentes oficiales.<\/p>\n<p>Los trabajos sobre el Monumento inclu\u00edan la reparaci\u00f3n de viejas filtraciones, el refuerzo de placas de m\u00e1rmol travertino, impermeabilizaciones, limpieza exterior y refacciones sobre la estabilidad estructural.<\/p>\n<p>Seg\u00fan un informe que present\u00f3 la edila Renata Ghilotti en el Concejo Municipal, esta es \u00abla sexta refacci\u00f3n que se lleva a cabo en los 61 a\u00f1os del Monumento. La primera ocurri\u00f3 en 1969, luego en 1977, 1982, 1987 y la \u00faltima hace 21 a\u00f1os en 1997\u00bb.<\/p>\n<p>El acuerdo de remodelaci\u00f3n fue firmado en junio de 2016 por la intendenta de Rosario y el ministro del Interior, Rogelio Frigerio.<\/p>\n<p>En su momento, el gobierno nacional se comprometi\u00f3 a aportar el 70 por ciento de los fondos y el municipio se har\u00eda cargo del resto. En aquel momento aseguraron que los trabajos se extender\u00edan por 18 meses, un plazo que evidentemente no se cumpli\u00f3. Ahora el municipio se har\u00e1 cargo.<\/p>\n<h6>Fuente: La Capital<\/h6>\n","protected":false},"excerpt":{"rendered":"<p>El municipio asumir\u00e1 las obras que restan para terminar la remodelaci\u00f3n. La Naci\u00f3n lleg\u00f3 a ejecutar s\u00f3lo el 50 por ciento en dos a\u00f1os.<\/p>\n","protected":false},"author":2,"featured_media":87516,"comment_status":"closed","ping_status":"closed","sticky":false,"template":"","format":"standard","meta":{"footnotes":""},"categories":[2],"tags":[10],"class_list":["post-87515","post","type-post","status-publish","format-standard","has-post-thumbnail","hentry","category-informe-municipal","tag-santa-fe"],"_links":{"self":[{"href":"http:\/\/argentinamunicipal.com.ar\/argentina\/wp-json\/wp\/v2\/posts\/87515","targetHints":{"allow":["GET"]}}],"collection":[{"href":"http:\/\/argentinamunicipal.com.ar\/argentina\/wp-json\/wp\/v2\/posts"}],"about":[{"href":"http:\/\/argentinamunicipal.com.ar\/argentina\/wp-json\/wp\/v2\/types\/post"}],"author":[{"embeddable":true,"href":"http:\/\/argentinamunicipal.com.ar\/argentina\/wp-json\/wp\/v2\/users\/2"}],"replies":[{"embeddable":true,"href":"http:\/\/argentinamunicipal.com.ar\/argentina\/wp-json\/wp\/v2\/comments?post=87515"}],"version-history":[{"count":0,"href":"http:\/\/argentinamunicipal.com.ar\/argentina\/wp-json\/wp\/v2\/posts\/87515\/revisions"}],"wp:featuredmedia":[{"embeddable":true,"href":"http:\/\/argentinamunicipal.com.ar\/argentina\/wp-json\/wp\/v2\/media\/87516"}],"wp:attachment":[{"href":"http:\/\/argentinamunicipal.com.ar\/argentina\/wp-json\/wp\/v2\/media?parent=87515"}],"wp:term":[{"taxonomy":"category","embeddable":true,"href":"http:\/\/argentinamunicipal.com.ar\/argentina\/wp-json\/wp\/v2\/categories?post=87515"},{"taxonomy":"post_tag","embeddable":true,"href":"http:\/\/argentinamunicipal.com.ar\/argentina\/wp-json\/wp\/v2\/tags?post=87515"}],"curies":[{"name":"wp","href":"https:\/\/api.w.org\/{rel}","templated":true}]}}