{"id":87518,"date":"2019-02-28T07:10:20","date_gmt":"2019-02-28T10:10:20","guid":{"rendered":"http:\/\/argentinamunicipal.com.ar\/argentina\/?p=87518"},"modified":"2019-02-28T07:10:20","modified_gmt":"2019-02-28T10:10:20","slug":"una-multitud-marcho-en-rosario-contra-los-tarifazos-y-pidio-un-cambio-de-politica","status":"publish","type":"post","link":"http:\/\/argentinamunicipal.com.ar\/argentina\/una-multitud-marcho-en-rosario-contra-los-tarifazos-y-pidio-un-cambio-de-politica\/","title":{"rendered":"Una multitud march\u00f3 en Rosario contra los tarifazos y pidi\u00f3 un cambio de pol\u00edtica"},"content":{"rendered":"<p>Organizaciones sociales, gremiales y ciudadanos de todos los barrios de la ciudad reclamaron por los aumentos desmedidos y contra los despidos.<\/p>\n<p>Trabajadores, jubilados, comerciantes, peque\u00f1os empresarios, estudiantes, docentes, pero tambi\u00e9n representantes de clubes, de f\u00e1bricas recuperadas, de sindicatos, movimientos sociales, cooperativas y rosarinos \u00abde a pie\u00bb y blandiendo banderas celestes y blancas. As\u00ed de heterog\u00e9nea fue la movilizaci\u00f3n que ayer se realiz\u00f3 en Rosario para decir \u00abbasta a los tarifazos y a los despidos que provocan las pol\u00edticas econ\u00f3micas del gobierno nacional de Mauricio Macri\u00bb.<\/p>\n<p>En una tarde agradable y a medida que los comercios fueron bajando sus persianas la convocatoria fue sumando gente que recorri\u00f3 las calles c\u00e9ntricas desde plaza San Mart\u00edn y hasta el Monumento Nacional a la Bandera, donde se ley\u00f3 un documento consensuado por todas las organizaciones gremiales y pol\u00edticas que convocaron a la movilizaci\u00f3n.<\/p>\n<p>\u00abMacri, la soberan\u00eda no se mancha\u00bb, rezaba el cartel de un jubilado en cuyo anverso tambi\u00e9n se refer\u00eda a la indiferencia oficial: \u00abun ruidazo vs sorderazo\u00bb, indicaba.<\/p>\n<p>Justamente el eje de la protesta tuvo como base datos muy concretos. Desde diciembre de 2015 cuando Cambiemos lleg\u00f3 al gobierno el servicio de agua subi\u00f3 350 por ciento, el gas 3.700 por ciento, la luz 750 por ciento y el transporte urbano 300 por ciento. \u00abTodo subi\u00f3 m\u00e1s que nuestros salarios. Cada vez que eso ocurri\u00f3, las familias perdieron calidad de vida, los comercios y las pymes se achicaron o cerraron y los ciudadanos perdimos derechos\u00bb, expresaron los organizadores de la movilizaci\u00f3n que eligieron como fecha un 27 de febrero, d\u00eda en el cual Belgrano jur\u00f3 por primera vez la Bandera frente al r\u00edo Paran\u00e1.<\/p>\n<p>\u00abNos reunimos para decir basta a los tarifazos y a los despidos que provocan las pol\u00edticas econ\u00f3micas del gobierno de Macri\u00bb, arrancaron las mujeres que dieron lectura al documento.<\/p>\n<p>Tambi\u00e9n en el texto expresaron que estos tarifazos son \u00abparte esencial de la pol\u00edtica de este gobierno, cumpliendo por un lado con el objetivo de garantizar super ganancias a las empresas energ\u00e9ticas y petroleras, cuyos gerentes est\u00e1n en el gobierno, y por otro, presionar al mercado laboral para que bajen los ingresos, salarios y planes sociales\u00bb.<\/p>\n<p>M\u00faltiples voces<\/p>\n<p>Con una alta participaci\u00f3n de rosarinos que llegaban desde distintos puntos de la ciudad y se iban acoplando a la protesta, la marcha fue la expresi\u00f3n de m\u00faltiples voces. \u00abParticipamos porque el tarifazo le peg\u00f3 a toda la sociedad. Nuestro sector industrial fue doblemente perjudicado, por el lado de la producci\u00f3n por el costo de las tarifas, pero tambi\u00e9n porque afecta a la gente\u00bb, dijo el presidente de la Federaci\u00f3n Industrial de Santa Fe (Fisfe), Guillermo Moretti, y se\u00f1al\u00f3 que \u00abantes todos los impuestos representaban el 8 por ciento del salario promedio y ahora el 22 por ciento, con lo cual eso limit\u00f3 el consumo y nos llev\u00f3 a la situaci\u00f3n que hoy atraviesa la industria\u00bb, agreg\u00f3 el dirigente que march\u00f3 junto a referentes gremiales locales y nacionales, como el caso de Secretario General de ATE nacional y secretario adjunto de la CTA Aut\u00f3noma, Hugo \u00abCachorro\u00bb Godoy, quien se\u00f1al\u00f3 que estas movilizaciones se repiten en todo el pa\u00eds con distintas formas y bajo la consigna de \u00abfrenar las pol\u00edticas de ajuste\u00bb, como \u00abel verdurazo\u00bb que se realiz\u00f3 en Buenos Aires ayer.<\/p>\n<p>\u00abEl paro nacional est\u00e1 m\u00e1s cerca de lo que muchos estiman e imaginan\u00bb, dijo y valor\u00f3 la pluralidad de la convocatoria porque \u00ablos cambios se van construyendo desde abajo\u00bb, dijo el dirigente que se sum\u00f3 a la columna que encabez\u00f3 la marcha, integrada por todos los dirigentes que conforman la Multisectorial contra los tarifazos.<\/p>\n<p>En el documento que se ley\u00f3 en el Monumento a la Bandera se expres\u00f3 el total rechazo a la reforma laboral, previsional, a los tarifazos, los despidos y se inst\u00f3 a defender el fondo de garant\u00eda de sustentabilidad de la Ans\u00e9s, a las empresas p\u00fablicas en manos del Estado, a la industria nacional, la salud y educaci\u00f3n p\u00fablica y buscar respuestas concretas a la emergencia social y alimentaria.<\/p>\n<p>\u00abSi se analizan los balances de las empresas del sector queda claro que no hubo ning\u00fan ahorro fiscal ni mejoramiento del servicio\u00bb, expresaron en el documento, un d\u00eda despu\u00e9s de conocerse en audiencia p\u00fablica un nuevo pedido de las distribuidoras para incrementar un 35 por ciento la tarifa del gas.<\/p>\n<p>Se subray\u00f3 que \u00abel Estado a la par que reduc\u00eda brutalmente los subsidios a los usuarios, aumentaba los subsidios a las compa\u00f1\u00edas\u00bb. Se calcula que de cada dos pesos de ganancias de las empresas, un peso lo aport\u00f3 el Estado y el otro los usuarios.<\/p>\n<p>\u00abLa consecuencia l\u00f3gica del ajuste -sumando a los tarifazos la apertura de importaciones y la timba financiera de Lebac y Leliq- ha sido la reducci\u00f3n sistem\u00e1tica del poder adquisitivo de trabajadores formales e informales, jubilaciones y pensiones, el aumento de la desocupaci\u00f3n y la pobreza, la devaluaci\u00f3n, el aumento del costo de vida, la generalizada ca\u00edda de ventas en los comercios, la reducci\u00f3n de los presupuestos educativos y la destrucci\u00f3n del mercado interno\u00bb, indicaron sobre el cierre del documento.<\/p>\n<h6>Fuente: La Capital<\/h6>\n","protected":false},"excerpt":{"rendered":"<p>Organizaciones sociales, gremiales y ciudadanos de todos los barrios de la ciudad reclamaron por los aumentos desmedidos y contra los despidos.<\/p>\n","protected":false},"author":2,"featured_media":87519,"comment_status":"closed","ping_status":"closed","sticky":false,"template":"","format":"standard","meta":{"footnotes":""},"categories":[2],"tags":[10],"class_list":["post-87518","post","type-post","status-publish","format-standard","has-post-thumbnail","hentry","category-informe-municipal","tag-santa-fe"],"_links":{"self":[{"href":"http:\/\/argentinamunicipal.com.ar\/argentina\/wp-json\/wp\/v2\/posts\/87518","targetHints":{"allow":["GET"]}}],"collection":[{"href":"http:\/\/argentinamunicipal.com.ar\/argentina\/wp-json\/wp\/v2\/posts"}],"about":[{"href":"http:\/\/argentinamunicipal.com.ar\/argentina\/wp-json\/wp\/v2\/types\/post"}],"author":[{"embeddable":true,"href":"http:\/\/argentinamunicipal.com.ar\/argentina\/wp-json\/wp\/v2\/users\/2"}],"replies":[{"embeddable":true,"href":"http:\/\/argentinamunicipal.com.ar\/argentina\/wp-json\/wp\/v2\/comments?post=87518"}],"version-history":[{"count":0,"href":"http:\/\/argentinamunicipal.com.ar\/argentina\/wp-json\/wp\/v2\/posts\/87518\/revisions"}],"wp:featuredmedia":[{"embeddable":true,"href":"http:\/\/argentinamunicipal.com.ar\/argentina\/wp-json\/wp\/v2\/media\/87519"}],"wp:attachment":[{"href":"http:\/\/argentinamunicipal.com.ar\/argentina\/wp-json\/wp\/v2\/media?parent=87518"}],"wp:term":[{"taxonomy":"category","embeddable":true,"href":"http:\/\/argentinamunicipal.com.ar\/argentina\/wp-json\/wp\/v2\/categories?post=87518"},{"taxonomy":"post_tag","embeddable":true,"href":"http:\/\/argentinamunicipal.com.ar\/argentina\/wp-json\/wp\/v2\/tags?post=87518"}],"curies":[{"name":"wp","href":"https:\/\/api.w.org\/{rel}","templated":true}]}}