{"id":87524,"date":"2019-02-28T05:14:29","date_gmt":"2019-02-28T08:14:29","guid":{"rendered":"http:\/\/argentinamunicipal.com.ar\/argentina\/?p=87524"},"modified":"2019-02-28T07:16:30","modified_gmt":"2019-02-28T10:16:30","slug":"venado-una-de-las-7-ciudades-del-pais-que-tiene-un-plan-de-accion-climatica","status":"publish","type":"post","link":"http:\/\/argentinamunicipal.com.ar\/argentina\/venado-una-de-las-7-ciudades-del-pais-que-tiene-un-plan-de-accion-climatica\/","title":{"rendered":"Venado, una de las 7 ciudades del pa\u00eds que tiene un plan de acci\u00f3n clim\u00e1tica"},"content":{"rendered":"<p>Las localidades ya definieron sus l\u00edneas de labores en materia de mitigaci\u00f3n y adaptaci\u00f3n al cambio del clima hacia el a\u00f1o 2030<\/p>\n<p>Venado Tuerto es una de las siete ciudades del pa\u00eds que ya cuenta con su Plan Local de Acci\u00f3n Clim\u00e1tica, tal como lo consign\u00f3 la Red Argentina de Municipios frente al Cambio Clim\u00e1tico (Ramcc), a la par de otras localidades como Bell Ville (C\u00f3rdoba), Caseros (Entre R\u00edos), Godoy Cruz (Mendoza), Guaymall\u00e9n (Mendoza), Monte Buey (C\u00f3rdoba) y Villa General Belgrano (C\u00f3rdoba).<\/p>\n<p>Merced al apoyo de la Agencia Alemana para la Cooperaci\u00f3n Internacional (GIZ) a trav\u00e9s del proyecto Programa Internacional de Cooperaci\u00f3n Urbana para Am\u00e9rica Latina y el Caribe (IUC-LAC), estas siete ciudades definieron sus l\u00edneas de acci\u00f3n en materia de mitigaci\u00f3n y adaptaci\u00f3n al cambio clim\u00e1tico al a\u00f1o 2030.<\/p>\n<p>Los siete municipios abarcan 1.122,56 km2 de superficie donde habitan 629.370 de personas. Todos cuentan con su inventario de gases de efecto invernadero (GEI) para el a\u00f1o base 2014 verificado por organismos internacionales, y suman en total 1.937.489,41 toneladas de di\u00f3xido de carbono equivalente (tCO2e).<\/p>\n<p>Frente a la problem\u00e1tica del cambio clim\u00e1tico, los gobiernos subnacionales est\u00e1n asumiendo roles cada vez m\u00e1s protag\u00f3nicos para combatirlo por su capacidad de incidir de manera r\u00e1pida y eficiente en los territorios.<\/p>\n<p><strong>Menos emisiones de gases<\/strong><\/p>\n<p>Para alcanzar los objetivos definidos en el Acuerdo de Par\u00eds en diciembre de 2015, es necesario que todos los niveles de la administraci\u00f3n p\u00fablica tomen acci\u00f3n para reducir las emisiones de gases de efecto invernadero y adaptarse al cambio clim\u00e1tico.<\/p>\n<p>Adem\u00e1s, m\u00e1s del 50 por ciento de la poblaci\u00f3n mundial vive en centros urbanos, los cuales concentran m\u00e1s del 70 por ciento de las emisiones globales de di\u00f3xido de carbono (CO2) y m\u00e1s del 66 por ciento del consumo mundial de energ\u00eda.<\/p>\n<p><strong>Acciones<\/strong><\/p>\n<p>Con las acciones propuestas (planes de eficiencia energ\u00e9tica en alumbrado p\u00fablico, edificios municipales, residenciales, comerciales e industriales; acciones relacionadas con la incorporaci\u00f3n de energ\u00edas renovables, principalmente solar fotovoltaica y solar t\u00e9rmica; transporte y residuos) los siete municipios se comprometieron a reducir sus emisiones de gases de efecto invernadero al a\u00f1o 2030 respecto del escenario de referencia Business as Usual (BAU). En el caso de Venado a 116.975 tCO2e (20 por ciento menos respecto al escenario BAU).<\/p>\n<p><strong>Presentaci\u00f3n<\/strong><\/p>\n<p>D\u00edas atr\u00e1s este diario lo inform\u00f3, tras sostener que \u00abse present\u00f3 en Venado un programa de mitigaci\u00f3n y adaptaci\u00f3n al cambio clim\u00e1tico, tomando como base un inventario de gases y las acciones ambientales, y en las que se tuvieron en cuentan las actividades cotidianas que hacen a la forma de vida de la ciudadan\u00eda\u00bb.<\/p>\n<p>A partir de un estudio elaborado en 2015 desde el \u00e1rea municipal de Energ\u00eda Renovables (Eerr) y Redes de Desarrollo Local, con una multiplicidad de aportes, la ciudad de Venado dispone de un inventario de emisi\u00f3n de gases de efecto invernadero, al igual que apenas otras seis ciudades de la Rep\u00fablica Argentina.<\/p>\n<p>El trabajo fue actualizado un a\u00f1o despu\u00e9s y presentado a trav\u00e9s de la Red Argentina de Municipios frente al Cambio Clim\u00e1tico (Ramcc) que Venado integra, ante el Programa Internacional de Cooperaci\u00f3n Urbana de la Uni\u00f3n Europea y Am\u00e9rica latina, que promueve el intercambio de experiencias entre ciudades de ambos continentes.<\/p>\n<h6>Fuente: La Capital<\/h6>\n","protected":false},"excerpt":{"rendered":"<p>Las localidades ya definieron sus l\u00edneas de labores en materia de mitigaci\u00f3n y adaptaci\u00f3n al cambio del clima hacia el a\u00f1o 2030<\/p>\n","protected":false},"author":2,"featured_media":87525,"comment_status":"closed","ping_status":"closed","sticky":false,"template":"","format":"standard","meta":{"footnotes":""},"categories":[2],"tags":[10],"class_list":["post-87524","post","type-post","status-publish","format-standard","has-post-thumbnail","hentry","category-informe-municipal","tag-santa-fe"],"_links":{"self":[{"href":"http:\/\/argentinamunicipal.com.ar\/argentina\/wp-json\/wp\/v2\/posts\/87524","targetHints":{"allow":["GET"]}}],"collection":[{"href":"http:\/\/argentinamunicipal.com.ar\/argentina\/wp-json\/wp\/v2\/posts"}],"about":[{"href":"http:\/\/argentinamunicipal.com.ar\/argentina\/wp-json\/wp\/v2\/types\/post"}],"author":[{"embeddable":true,"href":"http:\/\/argentinamunicipal.com.ar\/argentina\/wp-json\/wp\/v2\/users\/2"}],"replies":[{"embeddable":true,"href":"http:\/\/argentinamunicipal.com.ar\/argentina\/wp-json\/wp\/v2\/comments?post=87524"}],"version-history":[{"count":0,"href":"http:\/\/argentinamunicipal.com.ar\/argentina\/wp-json\/wp\/v2\/posts\/87524\/revisions"}],"wp:featuredmedia":[{"embeddable":true,"href":"http:\/\/argentinamunicipal.com.ar\/argentina\/wp-json\/wp\/v2\/media\/87525"}],"wp:attachment":[{"href":"http:\/\/argentinamunicipal.com.ar\/argentina\/wp-json\/wp\/v2\/media?parent=87524"}],"wp:term":[{"taxonomy":"category","embeddable":true,"href":"http:\/\/argentinamunicipal.com.ar\/argentina\/wp-json\/wp\/v2\/categories?post=87524"},{"taxonomy":"post_tag","embeddable":true,"href":"http:\/\/argentinamunicipal.com.ar\/argentina\/wp-json\/wp\/v2\/tags?post=87524"}],"curies":[{"name":"wp","href":"https:\/\/api.w.org\/{rel}","templated":true}]}}