{"id":87530,"date":"2019-02-28T07:24:00","date_gmt":"2019-02-28T10:24:00","guid":{"rendered":"http:\/\/argentinamunicipal.com.ar\/argentina\/?p=87530"},"modified":"2019-02-28T07:24:00","modified_gmt":"2019-02-28T10:24:00","slug":"la-uier-alerta-por-los-mil-despidos-registrados-en-entre-rios-durante-2018","status":"publish","type":"post","link":"http:\/\/argentinamunicipal.com.ar\/argentina\/la-uier-alerta-por-los-mil-despidos-registrados-en-entre-rios-durante-2018\/","title":{"rendered":"La UIER alerta por los mil despidos registrados en Entre R\u00edos durante 2018\u00a0"},"content":{"rendered":"<p>La Uni\u00f3n Industrial de Entre R\u00edos (UIER) encendi\u00f3 las se\u00f1ales de alerta ante la p\u00e9rdida de m\u00e1s de mil puestos de trabajo en los sectores generadores de valor durante el a\u00f1o anterior en la provincia \u2022 En consecuencia, remarc\u00f3 la necesidad de generar pol\u00edticas para sostener el empleo industrial, por ser el sector de mayor nivel de formalidad en el mercado, el que paga mejores salarios y a su vez multiplicador de mano de obra indirecta, supo APFDigital<\/p>\n<p>Seg\u00fan inform\u00f3 este mi\u00e9rcoles la UIER, la industria ha sido uno de los sectores m\u00e1s afectados de la econom\u00eda por las pol\u00edticas aplicadas por el Gobierno nacional de Mauricio Macri. Al respecto, indicaron que sufre una ca\u00edda sensible de los niveles productivos, una baja significativa en las ventas ligadas al mercado interno recesivo, dificultades de financiamiento y problemas para sostener el empleo.<\/p>\n<p>En relaci\u00f3n a este \u00faltimo punto, advirtieron por el aumento de los despidos en distintos sectores; tanto por la p\u00e9rdida del sustento de miles de familias, como por la destrucci\u00f3n de la capacidad productiva de los establecimientos.<\/p>\n<p>En el informe enviado a esta Agencia, los industriales entrerrianos detallaron que a nivel nacional las estad\u00edsticas oficiales dan cuenta de que en 2018 ya se perdieron m\u00e1s de 60 mil empleos industriales.<\/p>\n<p>Esta situaci\u00f3n tiene su correlato en Entre R\u00edos con una ca\u00edda anual que alcanza el -3,5 por ciento, lo que significa que en la provincia se perdieron el a\u00f1o pasado unos mil puestos de trabajo en la industria.<\/p>\n<p>A partir de este, la entidad plante\u00f3, una vez m\u00e1s, la necesidad urgente de medidas para sostener la mano de obra.<\/p>\n<p>\u201cCada despido en el sector industrial es de gran preocupaci\u00f3n, principalmente cuando empieza a verse una trayectoria sistem\u00e1tica, donde varias empresas se encuentran en dificultades para mantener su planta de personal y se enfrentan a la necesidad de achicarse o incluso cerrar. Por lo tanto, la magnitud de los despidos en el sector ya da cuenta no s\u00f3lo de la profundidad de los problemas por los que atraviesa, sino tambi\u00e9n de la dificultad que implicar\u00e1 revertir este escenario y retomar la senda de crecimiento\u201d, remarcaron.<\/p>\n<p>\u2022 La importancia del empleo industrial<\/p>\n<p>Si bien la ca\u00edda del empleo se viene dando en forma generalizada a lo largo de los distintos sectores productivos y de servicios, la UIER advirti\u00f3 que la situaci\u00f3n de la industria es de particular relevancia dado que se caracteriza por su propia complejidad.<\/p>\n<p>La actividad manufacturera exige de altos requerimientos t\u00e9cnicos, habilidades y capacidades por parte de los trabajadores que se desempe\u00f1an en las plantas productivas. Muchas de estas habilidades se van adquiriendo por la propia experiencia en la misma f\u00e1brica, en un proceso de aprender haciendo. De esta forma, el empleo industrial requiere de una inversi\u00f3n en capacitaci\u00f3n y adaptaci\u00f3n del personal.<\/p>\n<p>En ese marco, los niveles de empleo en el sector son menos el\u00e1sticos en relaci\u00f3n a otros, es decir, responden en menor medida a la coyuntura de la actividad econ\u00f3mica y m\u00e1s a una mirada de mediano y largo plazo.<\/p>\n<p>Por ello, ante un deterioro de la situaci\u00f3n econ\u00f3mica de las industrias, una de las \u00faltimas decisiones que se toman es el despido, ya que implica una destrucci\u00f3n de la capacidad productiva de la planta. Adem\u00e1s, revertir dicha situaci\u00f3n requiere volver a generar las capacidades y habilidades impl\u00edcitas propias requeridas por cada planta, y el propio tiempo de aprendizaje.<\/p>\n<p>Por otro lado, el empleo industrial presenta claros beneficios para el medio en el que se desempe\u00f1a. Entre los sectores que mayor empleo genera, es el que mejor salarios paga. En comparaci\u00f3n con el promedio de todos los sectores privados registrados, la industria afronta sueldos 20 por ciento mayores al resto de los sectores (y hasta 40 por ciento mayores en comparaci\u00f3n a los sectores que m\u00e1s empleo generan en el sector privado).<\/p>\n<p>Asimismo, el empleo manufacturero es de mayor calidad, en su gran mayor\u00eda formal y con todos los beneficios que esto implica: cobertura m\u00e9dica, aportes jubilatorios, formalidad laboral y financiera, entre otros.<\/p>\n<p>Por \u00faltimo, tambi\u00e9n resaltaron que la actividad manufacturera presenta altos encadenamientos y, por lo tanto, grandes multiplicadores en el empleo. Se estima que por cada empleo industrial directo se generan aproximadamente tres puestos indirectos. Por lo tanto, la contracci\u00f3n de la actividad industrial y la ca\u00edda en sus niveles de empleo, va m\u00e1s all\u00e1 del sector en s\u00ed mismo y termina impactando en el resto de las actividades econ\u00f3micas.<\/p>\n<h6>Fuente: APFDigital<\/h6>\n","protected":false},"excerpt":{"rendered":"<p>La Uni\u00f3n Industrial de Entre R\u00edos (UIER) encendi\u00f3 las se\u00f1ales de alerta ante la p\u00e9rdida de m\u00e1s de mil puestos de trabajo en los sectores generadores de valor durante el a\u00f1o anterior en la provincia<\/p>\n","protected":false},"author":2,"featured_media":87532,"comment_status":"closed","ping_status":"closed","sticky":false,"template":"","format":"standard","meta":{"footnotes":""},"categories":[65],"tags":[17],"class_list":["post-87530","post","type-post","status-publish","format-standard","has-post-thumbnail","hentry","category-provincias","tag-entre-rios"],"_links":{"self":[{"href":"http:\/\/argentinamunicipal.com.ar\/argentina\/wp-json\/wp\/v2\/posts\/87530","targetHints":{"allow":["GET"]}}],"collection":[{"href":"http:\/\/argentinamunicipal.com.ar\/argentina\/wp-json\/wp\/v2\/posts"}],"about":[{"href":"http:\/\/argentinamunicipal.com.ar\/argentina\/wp-json\/wp\/v2\/types\/post"}],"author":[{"embeddable":true,"href":"http:\/\/argentinamunicipal.com.ar\/argentina\/wp-json\/wp\/v2\/users\/2"}],"replies":[{"embeddable":true,"href":"http:\/\/argentinamunicipal.com.ar\/argentina\/wp-json\/wp\/v2\/comments?post=87530"}],"version-history":[{"count":0,"href":"http:\/\/argentinamunicipal.com.ar\/argentina\/wp-json\/wp\/v2\/posts\/87530\/revisions"}],"wp:featuredmedia":[{"embeddable":true,"href":"http:\/\/argentinamunicipal.com.ar\/argentina\/wp-json\/wp\/v2\/media\/87532"}],"wp:attachment":[{"href":"http:\/\/argentinamunicipal.com.ar\/argentina\/wp-json\/wp\/v2\/media?parent=87530"}],"wp:term":[{"taxonomy":"category","embeddable":true,"href":"http:\/\/argentinamunicipal.com.ar\/argentina\/wp-json\/wp\/v2\/categories?post=87530"},{"taxonomy":"post_tag","embeddable":true,"href":"http:\/\/argentinamunicipal.com.ar\/argentina\/wp-json\/wp\/v2\/tags?post=87530"}],"curies":[{"name":"wp","href":"https:\/\/api.w.org\/{rel}","templated":true}]}}