{"id":87537,"date":"2019-02-28T07:35:48","date_gmt":"2019-02-28T10:35:48","guid":{"rendered":"http:\/\/argentinamunicipal.com.ar\/argentina\/?p=87537"},"modified":"2019-02-28T07:35:48","modified_gmt":"2019-02-28T10:35:48","slug":"jueves-de-comadres-la-gran-antesala-del-carnaval","status":"publish","type":"post","link":"http:\/\/argentinamunicipal.com.ar\/argentina\/jueves-de-comadres-la-gran-antesala-del-carnaval\/","title":{"rendered":"Jueves de Comadres, la gran antesala del Carnaval"},"content":{"rendered":"<p>Se reeditar\u00e1 un encuentro solidario en Villa Jard\u00edn de Reyes, organizado por la comuna y gastron\u00f3micos.<\/p>\n<p>Hoy, las ciudades, pueblos y cada rinc\u00f3n de Jujuy ser\u00e1n escenario de la tradicional celebraci\u00f3n del Jueves de Comadres para reafirmar las promesas del cuidado de los ahijados y festejar la amistad.<\/p>\n<p>La celebraci\u00f3n es la antesala del desentierro del Carnaval, que se producir\u00e1 el s\u00e1bado que viene, y cuenta con una gran adhesi\u00f3n de las mujeres juje\u00f1as, que se re\u00fanen en distintos lugares para dar rienda suelta a su alegr\u00eda y hacer un verdadero \u00abablande\u00bb esperando la \u00abgran\u00bb fiesta.<\/p>\n<p>Aunque hay muchos encuentros, uno de los que se destaca es la octava edici\u00f3n del Jueves de Comadres Solidario que entre las 11 y las 21 se realizar\u00e1 en la Delegaci\u00f3n Municipal de Reyes, organizado por la comuna local y por emprendedores gastron\u00f3micos de ese sector capitalino.<\/p>\n<p>Los asistentes solo tendr\u00e1n que llevar un alimento no perecedero o \u00fatiles escolares, que ser\u00e1 el \u00abvalor\u00bb de la entrada, y que luego ser\u00e1n destinados a los vecinos que lo necesiten.<\/p>\n<p>Al respecto el director de la Delegaci\u00f3n Municipal, Juan Casasco, invit\u00f3 a las comadres de toda la ciudad y tambi\u00e9n del interior a sumarse a este evento que da inicio a la temporada carnavalera, que en nuestra provincia tiene arraigadas costumbres que la hacen distinta a otras plazas.<\/p>\n<p>Por ello destac\u00f3 que desde las 11 de hoy recibir\u00e1n con toda la alegr\u00eda a las comadres, que en las primeras horas de la tarde se enfrentar\u00e1n en un topamiento con sus coplas que grafican las tradiciones de Jujuy.<\/p>\n<p>Sobre la gastronom\u00eda, quienes se acerquen a compartir una tarde diferente y con fines solidarios, podr\u00e1n degustar el t\u00edpico picante de pollo, asado de cordero con choclo, empanadas fritas y al horno, mote de habas con queso de cabra, tamales, entre otros, realizados por las ganadoras de concursos en cada una de las variedades, a su vez los exquisitos productos de reposter\u00eda no estar\u00e1n ausentes.<\/p>\n<p>La m\u00fasica aportar\u00e1 la alegr\u00eda del Jueves de Comadres, con esta celebraci\u00f3n cultural, con representantes de la copla, grupos folcl\u00f3ricos, como Salamanqueros y su Ballet, Elsa Tapia, Liberados, Ger\u00f3nimo Saravia, Inti Pacha y Sangre Andina, entre otros artistas.<\/p>\n<p>Gran celebraci\u00f3n en Libertador<\/p>\n<p>Tras el exitoso festival del pasado a\u00f1o, la Municipalidad de Libertador, a trav\u00e9s de su Direcci\u00f3n de Cultura, invit\u00f3 a las comadres a celebrar nuevamente su d\u00eda en el Parque Recreativo Municipal. El evento se realiza por segundo a\u00f1o consecutivo y sirve como anticipo a la celebraci\u00f3n del Carnaval de Las Yungas 2019.<br \/>\nEl pasado a\u00f1o las comadres se dieron cita, en gran cantidad para celebrar su d\u00eda. Este a\u00f1o y por nuevas disposiciones policiales el festival dar\u00e1 inicio en horas del mediod\u00eda.<br \/>\nLa cartelera para el gran festejo de las comadres es la siguiente: la presentaci\u00f3n del grupo musical Pachamama, Joaqu\u00edn y su cumbia de barrio, Sentimiento del Alba, Los Huayras de Ledesma y a las 18 la gran presentaci\u00f3n de Carlos Calder\u00f3n y Los Diamantes Juje\u00f1os.<br \/>\nLa directora municipal de Cultura, Yudith Serrano, inform\u00f3 que ante nuevas disposiciones policiales, a nivel provincial, tendientes a la seguridad de los concurrentes, es que la fiesta dar\u00e1 inicio al mediod\u00eda y se extender\u00e1 hasta las 19.<br \/>\n\u201cLas familias podr\u00e1n asistir con comidas y bebidas, el espect\u00e1culo musical es libre y gratuito y con artistas de primer nivel\u201d, apunt\u00f3.<br \/>\nDestac\u00f3 que la sede del festejo fue recuperado, remodelado y refaccionado y contar\u00e1 con ba\u00f1os fijos y qu\u00edmicos, personal policial y Same.<\/p>\n<p>En el \u201cMacedonio Graz\u201d<\/p>\n<p>Desde las 13, las comadres podr\u00e1n llegarse hasta el Centro Cultural y Museo Casa \u201cMacedonio Graz\u201d (G\u00fcemes esquina Lamadrid de esta ciudad), donde tambi\u00e9n habr\u00e1 un agasajo para ellas.<br \/>\nActuar\u00e1n el Negro Velarde, el Grupo Albahaca y Banda Coya.<br \/>\nEst\u00e1 organizado por el Centro Cultural y restoran del lugar.<br \/>\nEl men\u00fa es picante de pollo, y habr\u00e1 bebidas con alcohol y sin alcohol.<br \/>\nLas tarjetas con almuerzo se fij\u00f3 en 700 pesos y despu\u00e9s del mediod\u00eda 200 pesos. La fiesta se prolongar\u00e1 hasta las 22 aproximadamente.<\/p>\n<p>Servicios municipales<\/p>\n<p>Con motivo de la celebraci\u00f3n del Carnaval este fin de semana, la Municipalidad capitalina inform\u00f3 los horarios y d\u00edas de atenci\u00f3n de los mercados municipales a fin de que los clientes tomen los recaudos necesarios y organicen sus compras.<br \/>\nLos mercados municipales 6 de Agosto (excentral), Hip\u00f3lito Yrigoyen (exabasto), Santa Rosa, 12 de Octubre y el de Concentraci\u00f3n y Abasto atender\u00e1n de la siguiente modalidad: s\u00e1bado 2 y domingo 3 de marzo, atenci\u00f3n normal; lunes 4 sin atenci\u00f3n al p\u00fablico consumidor, martes 5 atenci\u00f3n medio d\u00eda, desde las 7 hasta las 13.<br \/>\nEn lo que hace a la recolecci\u00f3n de residuos, se inform\u00f3 que el lunes 4 y martes 5 de marzo el servicio ser\u00e1 normal, mientras que el de barrido se ver\u00e1 reducido.<br \/>\nSe solicit\u00f3 a los vecinos que saquen los residuos respetando los horarios para mantener la ciudad limpia, y por cualquier consulta comunicarse al 4020135<br \/>\nDesde las 13, las comadres podr\u00e1n llegarse hasta el Centro Cultural y Museo Casa \u201cMacedonio Graz\u201d (G\u00fcemes esquina Lamadrid de esta ciudad), donde tambi\u00e9n habr\u00e1 un agasajo para ellas.<br \/>\nActuar\u00e1n el Negro Velarde, el Grupo Albahaca y Banda Coya.<br \/>\nEst\u00e1 organizado por el Centro Cultural y restoran del lugar.<br \/>\nEl men\u00fa es picante de pollo, y habr\u00e1 bebidas con alcohol y sin alcohol.<br \/>\nLas tarjetas con almuerzo se fij\u00f3 en 700 pesos y despu\u00e9s del mediod\u00eda 200 pesos. La fiesta se prolongar\u00e1 hasta las 22 aproximadamente.<\/p>\n<p>Servicios municipales<\/p>\n<p>Con motivo de la celebraci\u00f3n del Carnaval este fin de semana, la Municipalidad capitalina inform\u00f3 los horarios y d\u00edas de atenci\u00f3n de los mercados municipales a fin de que los clientes tomen los recaudos necesarios y organicen sus compras.<br \/>\nLos mercados municipales 6 de Agosto (excentral), Hip\u00f3lito Yrigoyen (exabasto), Santa Rosa, 12 de Octubre y el de Concentraci\u00f3n y Abasto atender\u00e1n de la siguiente modalidad: s\u00e1bado 2 y domingo 3 de marzo, atenci\u00f3n normal; lunes 4 sin atenci\u00f3n al p\u00fablico consumidor, martes 5 atenci\u00f3n medio d\u00eda, desde las 7 hasta las 13.<br \/>\nEn lo que hace a la recolecci\u00f3n de residuos, se inform\u00f3 que el lunes 4 y martes 5 de marzo el servicio ser\u00e1 normal, mientras que el de barrido se ver\u00e1 reducido.<br \/>\nSe solicit\u00f3 a los vecinos que saquen los residuos respetando los horarios para mantener la ciudad limpia, y por cualquier consulta comunicarse al 4020135<\/p>\n<h6>Fuente: El Tribuno<\/h6>\n","protected":false},"excerpt":{"rendered":"<p>Se reeditar\u00e1 un encuentro solidario en Villa Jard\u00edn de Reyes, organizado por la comuna y gastron\u00f3micos.<\/p>\n","protected":false},"author":2,"featured_media":87538,"comment_status":"closed","ping_status":"closed","sticky":false,"template":"","format":"standard","meta":{"footnotes":""},"categories":[47],"tags":[25],"class_list":["post-87537","post","type-post","status-publish","format-standard","has-post-thumbnail","hentry","category-fiestas","tag-jujuy"],"_links":{"self":[{"href":"http:\/\/argentinamunicipal.com.ar\/argentina\/wp-json\/wp\/v2\/posts\/87537","targetHints":{"allow":["GET"]}}],"collection":[{"href":"http:\/\/argentinamunicipal.com.ar\/argentina\/wp-json\/wp\/v2\/posts"}],"about":[{"href":"http:\/\/argentinamunicipal.com.ar\/argentina\/wp-json\/wp\/v2\/types\/post"}],"author":[{"embeddable":true,"href":"http:\/\/argentinamunicipal.com.ar\/argentina\/wp-json\/wp\/v2\/users\/2"}],"replies":[{"embeddable":true,"href":"http:\/\/argentinamunicipal.com.ar\/argentina\/wp-json\/wp\/v2\/comments?post=87537"}],"version-history":[{"count":0,"href":"http:\/\/argentinamunicipal.com.ar\/argentina\/wp-json\/wp\/v2\/posts\/87537\/revisions"}],"wp:featuredmedia":[{"embeddable":true,"href":"http:\/\/argentinamunicipal.com.ar\/argentina\/wp-json\/wp\/v2\/media\/87538"}],"wp:attachment":[{"href":"http:\/\/argentinamunicipal.com.ar\/argentina\/wp-json\/wp\/v2\/media?parent=87537"}],"wp:term":[{"taxonomy":"category","embeddable":true,"href":"http:\/\/argentinamunicipal.com.ar\/argentina\/wp-json\/wp\/v2\/categories?post=87537"},{"taxonomy":"post_tag","embeddable":true,"href":"http:\/\/argentinamunicipal.com.ar\/argentina\/wp-json\/wp\/v2\/tags?post=87537"}],"curies":[{"name":"wp","href":"https:\/\/api.w.org\/{rel}","templated":true}]}}