{"id":87543,"date":"2019-02-28T07:43:18","date_gmt":"2019-02-28T10:43:18","guid":{"rendered":"http:\/\/argentinamunicipal.com.ar\/argentina\/?p=87543"},"modified":"2019-02-28T07:43:18","modified_gmt":"2019-02-28T10:43:18","slug":"lema-de-campana-de-bolsonaro-como-lectura-obligatoria-desata-polemica","status":"publish","type":"post","link":"http:\/\/argentinamunicipal.com.ar\/argentina\/lema-de-campana-de-bolsonaro-como-lectura-obligatoria-desata-polemica\/","title":{"rendered":"Lema de campa\u00f1a de Bolsonaro como lectura obligatoria desata pol\u00e9mica"},"content":{"rendered":"<p>Los ministros de Educaci\u00f3n y Derechos Humanos de Brasil respaldaron que las escuelas filmen a sus alumnos cuando interpretan el himno nacional y apoyaron que las autoridades lean el lema de la campa\u00f1a electoral del presidente Jair Bolsonaro.<\/p>\n<p>\u00abBrasile\u00f1os vamos a saludar al Brasil de los nuevos tiempos y celebrar una educaci\u00f3n responsable y de calidad a ser desarrollada en nuestra escuela\u00bb, dice la circular enviada por el ministro de Educaci\u00f3n, Ricardo V\u00e9lez Rodriguez.<\/p>\n<p>En la comunicaci\u00f3n dirigida a colegios p\u00fablicos y privados el ministro recomienda que se filme a los ni\u00f1os mientras interpretan la canci\u00f3n patria.<\/p>\n<p>Tambi\u00e9n se instruye que las autoridades lean ante el alumnado el eslogan \u00abBrasil encima de todo, Dios encima de todos\u00bb.<\/p>\n<p>Esa fue la consigna utilizada en la campa\u00f1a electoral de 2018 por el entonces candidato presidencial Jair Bolsonaro, del Partido Social Liberal.<\/p>\n<p>Las propuestas del ministro y profesor V\u00e9lez Rodr\u00edguez han causado fuerte pol\u00e9mica en menos de dos meses de gobierno.<\/p>\n<p>Este mes el Supremo Tribunal Federal solicit\u00f3 al funcionario que brinde explicaciones sobre una entrevista a la revista Veja en la que dijo que los brasile\u00f1os se comportan como \u00abcan\u00edbales\u00bb cuando viajan al exterior y se roban elementos de los hoteles y aviones.<\/p>\n<p>El opositor Partido Socialismo y Libertad repudi\u00f3 al ministro V\u00e9lez Rodr\u00edguez cuya propuesta filmar a los peque\u00f1os durante la interpretaci\u00f3n del himno.<\/p>\n<p>La iniciativa fue calificada como \u00absurrealista\u00bb por la diputada oficialista Jana\u00edna Pascoal.<\/p>\n<p>\u00abSe\u00f1or V\u00e9lez Rodr\u00edguez como usted es colombiano tal vez no conoce nuestra Constituci\u00f3n y esto que usted propuso es anticonstitucional. V\u00e1yase se\u00f1or. Se lo pide alguien que naci\u00f3, vive y va a morir en Brasil\u00bb, dispar\u00f3 hoy el profesor de historia Marco Antonio Villa.<\/p>\n<p>Por otra parte la ministra de la Mujer, Familia y Derechos Humanos, Damares Alves, sali\u00f3 hoy en defensa de su colega de Educaci\u00f3n.<\/p>\n<p>\u00abEs obligatorio que el himno nacional sea ejecutado en las escuelas y vamos a comenzar a hacerlo desde ahora\u00bb, declar\u00f3 la ministra y pastora evang\u00e9lica Alves.<\/p>\n<p>\u00abEl gobierno de Bolsonaro es un gobierno de la legalidad y tenemos una ley de 2009 que obliga la ejecuci\u00f3n del himno, entonces nuestro ministro (V\u00e9lez Rodr\u00edguez) est\u00e1 simplemente cumpliendo la ley\u00bb, concluy\u00f3 Alves.<\/p>\n<h6>Fuente: Tucum\u00e1n Hoy<\/h6>\n","protected":false},"excerpt":{"rendered":"<p>Los ministros de Educaci\u00f3n y Derechos Humanos de Brasil respaldaron que las escuelas filmen a sus alumnos cuando interpretan el himno nacional y apoyaron que las autoridades lean el lema de la campa\u00f1a electoral del presidente Jair Bolsonaro.<\/p>\n","protected":false},"author":2,"featured_media":87544,"comment_status":"closed","ping_status":"closed","sticky":false,"template":"","format":"standard","meta":{"footnotes":""},"categories":[22],"tags":[57],"class_list":["post-87543","post","type-post","status-publish","format-standard","has-post-thumbnail","hentry","category-el-mundo","tag-el-mundo"],"_links":{"self":[{"href":"http:\/\/argentinamunicipal.com.ar\/argentina\/wp-json\/wp\/v2\/posts\/87543","targetHints":{"allow":["GET"]}}],"collection":[{"href":"http:\/\/argentinamunicipal.com.ar\/argentina\/wp-json\/wp\/v2\/posts"}],"about":[{"href":"http:\/\/argentinamunicipal.com.ar\/argentina\/wp-json\/wp\/v2\/types\/post"}],"author":[{"embeddable":true,"href":"http:\/\/argentinamunicipal.com.ar\/argentina\/wp-json\/wp\/v2\/users\/2"}],"replies":[{"embeddable":true,"href":"http:\/\/argentinamunicipal.com.ar\/argentina\/wp-json\/wp\/v2\/comments?post=87543"}],"version-history":[{"count":0,"href":"http:\/\/argentinamunicipal.com.ar\/argentina\/wp-json\/wp\/v2\/posts\/87543\/revisions"}],"wp:featuredmedia":[{"embeddable":true,"href":"http:\/\/argentinamunicipal.com.ar\/argentina\/wp-json\/wp\/v2\/media\/87544"}],"wp:attachment":[{"href":"http:\/\/argentinamunicipal.com.ar\/argentina\/wp-json\/wp\/v2\/media?parent=87543"}],"wp:term":[{"taxonomy":"category","embeddable":true,"href":"http:\/\/argentinamunicipal.com.ar\/argentina\/wp-json\/wp\/v2\/categories?post=87543"},{"taxonomy":"post_tag","embeddable":true,"href":"http:\/\/argentinamunicipal.com.ar\/argentina\/wp-json\/wp\/v2\/tags?post=87543"}],"curies":[{"name":"wp","href":"https:\/\/api.w.org\/{rel}","templated":true}]}}