{"id":87660,"date":"2019-03-07T07:47:02","date_gmt":"2019-03-07T10:47:02","guid":{"rendered":"http:\/\/argentinamunicipal.com.ar\/argentina\/?p=87660"},"modified":"2019-03-07T07:47:02","modified_gmt":"2019-03-07T10:47:02","slug":"en-pleno-paro-docente-18-mil-chicos-rosarinos-fueron-igual-a-la-escuela-pero-a-comer","status":"publish","type":"post","link":"http:\/\/argentinamunicipal.com.ar\/argentina\/en-pleno-paro-docente-18-mil-chicos-rosarinos-fueron-igual-a-la-escuela-pero-a-comer\/","title":{"rendered":"En pleno paro docente 18 mil chicos rosarinos fueron igual a la escuela, pero a comer"},"content":{"rendered":"<p>Poblaron ayer los 378 comedores escolares que funcionan en la Regi\u00f3n VI de Educaci\u00f3n. Hay asistentes escolares que no se sumaron a la huelga.<\/p>\n<p>Unos 18 mil chicos de Rosario y su zona de influencia fueron ayer a la escuela a pesar de que se cumpl\u00eda el primer d\u00eda del paro docente. No concurrieron a estudiar, fueron a comer. En efecto, en 378 instituciones educativas del Gran Rosario los asistentes escolares no hicieron paro y sirvieron las raciones como durante todo el verano. \u00abPara muchos de estos chicos, esto es lo \u00fanico que comen en el d\u00eda\u00bb, admiti\u00f3 Cristina Vergara, referente de UPCN y con a\u00f1os de trabajo en los comedores escolares.<\/p>\n<p>Los asistentes escolares de toda la provincia est\u00e1n nucleados en dos grandes gremios: UPCN y ATE. Mientras el primero no adhiri\u00f3 a la medida de fuerza lanzada por los gremios docentes y parte de los estatales tras la propuesta oficial de continuar aplicando la cl\u00e1usula gatillo pero con un techo; el segundo s\u00ed, aunque dej\u00f3 guardias m\u00ednimas.<\/p>\n<p>Es que el hambre no sabe de medidas de fuerza y durante todo el verano 18 mil chicos de la Regi\u00f3n VI de Educaci\u00f3n siguieron yendo a la escuela todos los mediod\u00edas a almorzar. Una vez que se inicie el ciclo lectivo, esa cifra trepar\u00e1 a 50 mil.<\/p>\n<p>As\u00ed, la postal ayer en varias escuelas de populosas barriadas como Tablada o Empalme Graneros fue de puertas abiertas. \u00abTuvimos que darles raciones fr\u00edas porque al no estar todos los asistentes, no se pudo elaborar la comida como todos los d\u00edas. As\u00ed que comieron s\u00e1ndwiches\u00bb, narr\u00f3 Vergara.<\/p>\n<p>La que pas\u00f3 de largo fue la copa de leche. \u00abEsa no se pudo dar y tampoco se dar\u00e1 ma\u00f1ana (por hoy)\u00bb, se lament\u00f3 la referente gremial.<\/p>\n<p>Es que el hecho de que los asistentes escolares nucleados en ATE hayan decidido dejar guardias m\u00ednimas, resinti\u00f3 la atenci\u00f3n en varios comedores. \u00abHacemos lo que podemos, pero es muy dif\u00edcil. Eso s\u00ed, paro no podemos hacer porque a los chicos hay que darles de comer igual. Para muchos, esto es lo \u00fanico que comen en el d\u00eda\u00bb, admiti\u00f3 Vergara.<\/p>\n<p><strong>Necesidades<\/strong><\/p>\n<p>En Santa Fe, el salario promedio de un asistente escolar es de 20 mil pesos. El de un docente, unos 24 mil.<\/p>\n<p>\u00abHoy la necesidad es muy clara. A estos chicos hay que darles de comer. As\u00ed vengan tres a la escuela, nosotros tenemos que estar. Seguro que tenemos que pelear por nuestros salarios, pero para eso seguimos dialogando y mientras tanto los pibes siguen comiendo\u00bb, admiti\u00f3 Vergara.<\/p>\n<p>Seg\u00fan narr\u00f3, \u00abcada d\u00eda llegan m\u00e1s chicos a los comedores. Es much\u00edsima la necesidad que vemos\u00bb, se\u00f1al\u00f3.<\/p>\n<p>Es m\u00e1s, record\u00f3 un caso que la marc\u00f3 en la crisis de 2001 siendo portera y que hoy vuelve a observar en los barrios. \u00abMe acuerdo de que los lunes ven\u00eda una nenita a la escuela y cuando llegaba la hora de comer, siempre com\u00eda un mont\u00f3n y se descompon\u00eda. Eso nos llev\u00f3 a ver qu\u00e9 pasaba, consultamos a m\u00e9dicos y descubrimos que la \u00faltima vez que com\u00eda era el viernes, en la escuela, y despu\u00e9s se pasaba todo el fin de semana sin probar nada. Entonces, cuando regresaba los lunes, estaba como desesperada\u00bb, indic\u00f3 y admiti\u00f3 que hoy vuelve a ver casos similares.<\/p>\n<p>\u00abEs mucha la necesidad que vemos, y a eso hay que sumarle que en muchas escuelas hay problemas edilicios, las instalaciones de gas no est\u00e1n en \u00f3ptimas condiciones, al igual que los circuitos el\u00e9ctricos. Eso hay que plantearlo en las reuniones paritarias, y de hecho lo estamos haciendo, pero el di\u00e1logo debe seguir abierto para que estos chicos sigan almorzando en las escuelas\u00bb, puntualiz\u00f3 la gremialista de UPCN.<\/p>\n<p>No obstante, admiti\u00f3 que ma\u00f1ana podr\u00eda complicarse a\u00fan m\u00e1s la entrega de raciones fr\u00edas en los comedores escolares de la regi\u00f3n VI de Educaci\u00f3n.<\/p>\n<p>\u00abLa desafectaci\u00f3n que lanz\u00f3 el gobierno provincial por el D\u00eda de la Mujer tal vez nos deje con menos asistentes escolares todav\u00eda, y lo m\u00e1s probable es que no podamos dar las raciones\u00bb, admiti\u00f3.<\/p>\n<p>As\u00ed, estos 18 mil chicos podr\u00edan almorzar hoy por \u00faltima vez y deber\u00e1n esperar que el lunes la escuela vuelva a abrir sus puertas para poder asistir a los comedores.<\/p>\n<h6>Fuente: La Capital<\/h6>\n","protected":false},"excerpt":{"rendered":"<p>Poblaron ayer los 378 comedores escolares que funcionan en la Regi\u00f3n VI de Educaci\u00f3n. Hay asistentes escolares que no se sumaron a la huelga.<\/p>\n","protected":false},"author":2,"featured_media":87661,"comment_status":"closed","ping_status":"closed","sticky":false,"template":"","format":"standard","meta":{"footnotes":""},"categories":[2],"tags":[10],"class_list":["post-87660","post","type-post","status-publish","format-standard","has-post-thumbnail","hentry","category-informe-municipal","tag-santa-fe"],"_links":{"self":[{"href":"http:\/\/argentinamunicipal.com.ar\/argentina\/wp-json\/wp\/v2\/posts\/87660","targetHints":{"allow":["GET"]}}],"collection":[{"href":"http:\/\/argentinamunicipal.com.ar\/argentina\/wp-json\/wp\/v2\/posts"}],"about":[{"href":"http:\/\/argentinamunicipal.com.ar\/argentina\/wp-json\/wp\/v2\/types\/post"}],"author":[{"embeddable":true,"href":"http:\/\/argentinamunicipal.com.ar\/argentina\/wp-json\/wp\/v2\/users\/2"}],"replies":[{"embeddable":true,"href":"http:\/\/argentinamunicipal.com.ar\/argentina\/wp-json\/wp\/v2\/comments?post=87660"}],"version-history":[{"count":0,"href":"http:\/\/argentinamunicipal.com.ar\/argentina\/wp-json\/wp\/v2\/posts\/87660\/revisions"}],"wp:featuredmedia":[{"embeddable":true,"href":"http:\/\/argentinamunicipal.com.ar\/argentina\/wp-json\/wp\/v2\/media\/87661"}],"wp:attachment":[{"href":"http:\/\/argentinamunicipal.com.ar\/argentina\/wp-json\/wp\/v2\/media?parent=87660"}],"wp:term":[{"taxonomy":"category","embeddable":true,"href":"http:\/\/argentinamunicipal.com.ar\/argentina\/wp-json\/wp\/v2\/categories?post=87660"},{"taxonomy":"post_tag","embeddable":true,"href":"http:\/\/argentinamunicipal.com.ar\/argentina\/wp-json\/wp\/v2\/tags?post=87660"}],"curies":[{"name":"wp","href":"https:\/\/api.w.org\/{rel}","templated":true}]}}