{"id":87719,"date":"2019-03-11T05:04:36","date_gmt":"2019-03-11T08:04:36","guid":{"rendered":"http:\/\/argentinamunicipal.com.ar\/argentina\/?p=87719"},"modified":"2019-03-11T07:07:33","modified_gmt":"2019-03-11T10:07:33","slug":"santa-fe-pidieron-no-empezar-las-clases-porque-no-pueden-comprar-los-utiles","status":"publish","type":"post","link":"http:\/\/argentinamunicipal.com.ar\/argentina\/santa-fe-pidieron-no-empezar-las-clases-porque-no-pueden-comprar-los-utiles\/","title":{"rendered":"Santa Fe: Pidieron no empezar las clases porque no pueden comprar los \u00fatiles"},"content":{"rendered":"<p>La triste realidad se vive entre los alumnos de menos recursos que asisten a la escuela N\u00ba 265 de barrio Yapey\u00fa. Los padres pidieron tiempo porque no pueden comprar los elementos b\u00e1sicos<\/p>\n<p>La\u00a0escuela N\u00ba 265 Yapey\u00fa, ubicada en 12 de Octubre 9300,\u00a0se encuentra ubicada en el noroeste de la capital provincial. Est\u00e1 a tan solo 19 minutos del centro de la ciudad. Pero en esa instituci\u00f3n educativa se vive una realidad que les toca a muchas familias y que pocos ven.<\/p>\n<p>La instituci\u00f3n de nivel secundario cuenta con una matr\u00edcula de\u00a0800 alumnos\u00a0que se dividen entre los turnos ma\u00f1ana y tarde. La escuela, que es p\u00fablica, recibe chicos que van desde los\u00a012 a los 19 a\u00f1os. Entre sus aulas se cuentan alumnos de Yapey\u00fa, Los Troncos, La Ranita, La Tablada, Loyola Norte y Sur.<\/p>\n<p>Muchas de las familias atraviesan necesidades que van desde la falta de trabajo hasta lo\u00a0\u00abb\u00e1sico\u00bb, como falta de vivienda. Sin embargo, la educaci\u00f3n es un bien valorado por los padres de los alumnos que acuden a la entidad y tratan de defenderlo. Y fue a poco del inicio del ciclo lectivo que muchos de estos\u00a0acudieron a la escuela para pedir \u00abtiempo\u00bb a los directivos en la compra de los \u00fatiles escolares.<\/p>\n<p>\u00abNosotros pedimos que asistan igualmente, que ya vamos a ver c\u00f3mo solucionamos el tema de los \u00fatiles\u00bb, aseguraron Carina y Luciana, docentes de la instituci\u00f3n en torno al pedido. Las docentes aclararon que si bien la problem\u00e1tica es real, no afecta a todos los alumnos por igual.<\/p>\n<p>Las necesidades de estos chicos pasan por\u00a0la imposibilidad de adquirir los elementos b\u00e1sicos para asistir al aula, como por ejemplo cuadernos, l\u00e1piceras y mochilas. Un segundo aspecto que se repite todos los a\u00f1os, pero en el inicio de este ciclo se siente a\u00fan m\u00e1s, es\u00a0la dificultad para acceder al calzado.<\/p>\n<p>\u00abMuchas mam\u00e1s comentaron la dificultad que est\u00e1n teniendo para los \u00fatiles, as\u00ed como tambi\u00e9n con la ropa \u2013cont\u00f3 Carina. No se exige un uniforme, pero los chicos tienen que venir con una remera blanca. Eso y los \u00fatiles es todo lo que un chico necesita para la escuela\u00bb.<\/p>\n<p>El comedor, un term\u00f3metro<\/p>\n<p>Un aspecto que no pas\u00f3 inadvertido para los integrantes de la comunidad educativa es la\u00a0alta demanda que registr\u00f3 el comedor escolar durante el receso de clases.<\/p>\n<p>El n\u00famero de asistentes no se redujo en el per\u00edodo diciembre-febrero.<br \/>\n\u00abAsistieron m\u00e1s chicos que en a\u00f1os anteriores \u2013relat\u00f3 Luciana. Antes se les daba dieta seca pero este a\u00f1o se empez\u00f3 a cocinar y los chicos asistieron en mayor n\u00famero\u00bb.<\/p>\n<p>A pesar de que no pudieron dar una cifra exacta, ambas docentes coincidieron en que la cantidad se duplic\u00f3. Mientras que en la \u00e9poca de clases el n\u00famero se incrementa.<\/p>\n<p>Las docentes piden que las personas que puedan colaborar con los chicos de la instituci\u00f3n que se acerquen a la escuela, ubicada en calle 12 de Octubre 9300. B\u00e1sicamente est\u00e1n pidiendo desde \u00fatiles escolares hasta calzados, los cuales se destinar\u00e1n a los alumnos de menos recursos.<\/p>\n<h6>Fuente: Uno<\/h6>\n","protected":false},"excerpt":{"rendered":"<p>La triste realidad se vive entre los alumnos de menos recursos que asisten a la escuela N\u00ba 265 de barrio Yapey\u00fa. Los padres pidieron tiempo porque no pueden comprar los elementos b\u00e1sicos<\/p>\n","protected":false},"author":2,"featured_media":87720,"comment_status":"closed","ping_status":"closed","sticky":false,"template":"","format":"standard","meta":{"footnotes":""},"categories":[2],"tags":[10],"class_list":["post-87719","post","type-post","status-publish","format-standard","has-post-thumbnail","hentry","category-informe-municipal","tag-santa-fe"],"_links":{"self":[{"href":"http:\/\/argentinamunicipal.com.ar\/argentina\/wp-json\/wp\/v2\/posts\/87719","targetHints":{"allow":["GET"]}}],"collection":[{"href":"http:\/\/argentinamunicipal.com.ar\/argentina\/wp-json\/wp\/v2\/posts"}],"about":[{"href":"http:\/\/argentinamunicipal.com.ar\/argentina\/wp-json\/wp\/v2\/types\/post"}],"author":[{"embeddable":true,"href":"http:\/\/argentinamunicipal.com.ar\/argentina\/wp-json\/wp\/v2\/users\/2"}],"replies":[{"embeddable":true,"href":"http:\/\/argentinamunicipal.com.ar\/argentina\/wp-json\/wp\/v2\/comments?post=87719"}],"version-history":[{"count":0,"href":"http:\/\/argentinamunicipal.com.ar\/argentina\/wp-json\/wp\/v2\/posts\/87719\/revisions"}],"wp:featuredmedia":[{"embeddable":true,"href":"http:\/\/argentinamunicipal.com.ar\/argentina\/wp-json\/wp\/v2\/media\/87720"}],"wp:attachment":[{"href":"http:\/\/argentinamunicipal.com.ar\/argentina\/wp-json\/wp\/v2\/media?parent=87719"}],"wp:term":[{"taxonomy":"category","embeddable":true,"href":"http:\/\/argentinamunicipal.com.ar\/argentina\/wp-json\/wp\/v2\/categories?post=87719"},{"taxonomy":"post_tag","embeddable":true,"href":"http:\/\/argentinamunicipal.com.ar\/argentina\/wp-json\/wp\/v2\/tags?post=87719"}],"curies":[{"name":"wp","href":"https:\/\/api.w.org\/{rel}","templated":true}]}}