{"id":87743,"date":"2019-03-11T07:37:11","date_gmt":"2019-03-11T10:37:11","guid":{"rendered":"http:\/\/argentinamunicipal.com.ar\/argentina\/?p=87743"},"modified":"2019-03-11T07:37:11","modified_gmt":"2019-03-11T10:37:11","slug":"rosario-economia-social-una-salida-a-la-crisis-donde-las-mujeres-son-mayoria","status":"publish","type":"post","link":"http:\/\/argentinamunicipal.com.ar\/argentina\/rosario-economia-social-una-salida-a-la-crisis-donde-las-mujeres-son-mayoria\/","title":{"rendered":"Rosario: Econom\u00eda social, una salida a la crisis donde las mujeres son mayor\u00eda"},"content":{"rendered":"<p>Ellas representan a siete de cada diez participantes de los espacios de formaci\u00f3n del \u00e1rea municipal. C\u00f3mo enfrentar la precarizaci\u00f3n<\/p>\n<p>La feminizaci\u00f3n de la pobreza, la desigualdad en la brecha salarial y las dificultades que las mujeres, fundamentalmente de barrios humildes, tienen para acceder a un empleo cuando llevan adelante el triple del trabajo dom\u00e9stico y est\u00e1n a cargo del cuidado de hijos, hermanos, sobrinos y adultos mayores, fueron tambi\u00e9n un punto de las proclamas por las que este viernes 8 de marzo un mar de mujeres se moviliz\u00f3 en el tercer paro internacional. El desempleo o el trabajo por apenas pocas horas y la precarizaci\u00f3n se vinculan a demanda creciente y llegan a la Secretar\u00eda de Econom\u00eda Solidaria de la Municipalidad. Una muestra de que en Rosario las mujeres son m\u00e1s pobres y padecen m\u00e1s el desempleo y la precarizaci\u00f3n, es que 7 de cada diez personas que en 2018 participaron de los espacios formativos de esa secretar\u00eda fueron mujeres.<\/p>\n<p>\u00abHay un fen\u00f3meno que tiene que ver particularmente con las mujeres y el autoempleo\u00bb, explic\u00f3 el responsable de la secretar\u00eda, Nicol\u00e1s Gianelloni, y apunt\u00f3 que \u00ablas mujeres que est\u00e1n a cargo de sus hijos y sus familias, o muchas veces son jefas de hogar, encuentran en estos emprendimientos una posibilidad m\u00e1s flexible para compatibilizar esa situaci\u00f3n con un proyecto productivo\u00bb.<\/p>\n<p>Las v\u00edas a trav\u00e9s de las cuales las mujeres llegan a la secretar\u00eda son m\u00faltiples y van desde los centros de convivencia barrial y derivaciones de la Secretar\u00eda de Desarrollo Social hasta otras \u00e1reas municipales. \u00abEn general vienen con muy poca experiencia laboral y centralmente con trabajos dom\u00e9sticos y de cuidado de ni\u00f1os \u2014explic\u00f3 Gianelloni\u2014, pero muchas de ellas s\u00ed con conocimientos previos en cocina y dise\u00f1o de ropa, que son los rubros m\u00e1s fuertes y donde tratamos de apuntalarlas\u00bb.<\/p>\n<p><strong>Desempleadas<\/strong><\/p>\n<p>Los datos de mediados de 2018 del Consejo Econ\u00f3mico y Social indicaban que en Rosario hab\u00eda m\u00e1s de 115 mil personas con problemas de inserci\u00f3n laboral, lo que representa un 18 por ciento de la poblaci\u00f3n econ\u00f3micamente activa y un 10 por ciento de la poblaci\u00f3n total. \u00abHoy al menos el 20 por ciento de la poblaci\u00f3n activa no trabaja, lo hace pocas horas o tiene un empleo precario y requiere otro para complementar sus ingresos\u00bb, consider\u00f3 el funcionario, y agreg\u00f3 que \u00abeso impacta claramente en las mujeres\u00bb.<\/p>\n<p>Las pol\u00edticas de ajuste no s\u00f3lo a nivel pa\u00eds impactan en las mujeres y la feminizaci\u00f3n de la pobreza se da a nivel Latinoamericano: la proporci\u00f3n de mujeres pobres es de un 24 por ciento, cuando en el caso de los varones el porcentaje es del 10 por ciento, de acuerdo a datos de la Comisi\u00f3n Econ\u00f3mica para Am\u00e9rica Latina y el Caribe (Cepal). Tambi\u00e9n en la regi\u00f3n la sobrecarga del trabajo dom\u00e9stico recae en las mujeres, que dedican que m\u00e1s del triple de tiempo al trabajo dom\u00e9stico que los varones y al cuidado de familiares, labores que son reconocidas socialmente ni remuneradas econ\u00f3micamente.<\/p>\n<p>En t\u00e9rminos de desocupaci\u00f3n, a nivel local, un informe del 2018 basado en la Encuesta Permanente de Hogares mostr\u00f3 que si bien el desempleo afecta a hombres y mujeres en la franja joven (hasta los 29 a\u00f1os), a partir de los 50 a\u00f1os, el desempleo impacta en ellas en mayor medida.<\/p>\n<p><strong>Capacitarse<\/strong><\/p>\n<p>Esas situaciones son las que explican, entre otros factores, que a lo largo de los \u00faltimos tres a\u00f1os en los programas formativos que la Secretar\u00eda de Econom\u00eda Solidaria lleva adelante en el marco del llamado \u00abRosario Emprende\u00bb, el 74 por ciento sean mujeres, es decir m\u00e1s de 7 de cada 10 inscriptas.<\/p>\n<p>Entre enero de 2016 y febrero de 2019, fueron unas 4 mil personas las que transitaron esos espacios de formaci\u00f3n, incluida una propuesta de verano que se llev\u00f3 adelante en estas \u00faltimas semanas de febrero, donde participaron 300 personas de los seis distritos e la ciudad.<\/p>\n<p>El programa Rosario Emprende est\u00e1 conformado por un espacio inicial de capacitaciones b\u00e1sicas, en tanto para quienes superan esa fase se complementa con la formaci\u00f3n en planes de negocios, y los llamados \u00abincubadoras\u00bb, que son para iniciativas espec\u00edficas que requieren de herramientas para alcanzar una mayor escala, como trasladarse a lugares comerciales o ampliar su clientela.<\/p>\n<p>En las capacitaciones en dise\u00f1o \u2014incluyen desde juguetes, calzados y objetos de decoraci\u00f3n hasta indumentaria y accesorios\u2014, alimentos y textiles, las mujeres son amplia mayor\u00eda, y fue esa presencia mayoritaria la que llev\u00f3 a pensar en \u00abRosario Cuida tu idea\u00bb, un proyecto s\u00f3lo de mujeres.<\/p>\n<p>La iniciativa se pens\u00f3 ante la alta demanda de las mujeres como un espacio espec\u00edfico, que desde su puesta en marcha ya tuvo cinco ediciones en los \u00faltimos tres a\u00f1os con m\u00e1s de 200 participantes.<\/p>\n<p>M\u00e1s all\u00e1 de las especializadas que elijan o les resulten m\u00e1s accesibles para desarrollar, el titular de Econom\u00eda Solidaria destac\u00f3 \u00abel espacio comunitario\u00bb que son las ferias a la hora de llegar all\u00ed con un emprendimiento y se\u00f1al\u00f3 que \u00abson verdaderos \u00e1mbitos de convivencia donde hay una comunidad de trabajo\u00bb.<\/p>\n<p>Rosario cuida tu idea. Un programa s\u00f3lo para emprendedoras.<\/p>\n<h6>Fuente: La Capital<\/h6>\n","protected":false},"excerpt":{"rendered":"<p>Ellas representan a siete de cada diez participantes de los espacios de formaci\u00f3n del \u00e1rea municipal. C\u00f3mo enfrentar la precarizaci\u00f3n<\/p>\n","protected":false},"author":2,"featured_media":87744,"comment_status":"closed","ping_status":"closed","sticky":false,"template":"","format":"standard","meta":{"footnotes":""},"categories":[2],"tags":[10],"class_list":["post-87743","post","type-post","status-publish","format-standard","has-post-thumbnail","hentry","category-informe-municipal","tag-santa-fe"],"_links":{"self":[{"href":"http:\/\/argentinamunicipal.com.ar\/argentina\/wp-json\/wp\/v2\/posts\/87743","targetHints":{"allow":["GET"]}}],"collection":[{"href":"http:\/\/argentinamunicipal.com.ar\/argentina\/wp-json\/wp\/v2\/posts"}],"about":[{"href":"http:\/\/argentinamunicipal.com.ar\/argentina\/wp-json\/wp\/v2\/types\/post"}],"author":[{"embeddable":true,"href":"http:\/\/argentinamunicipal.com.ar\/argentina\/wp-json\/wp\/v2\/users\/2"}],"replies":[{"embeddable":true,"href":"http:\/\/argentinamunicipal.com.ar\/argentina\/wp-json\/wp\/v2\/comments?post=87743"}],"version-history":[{"count":0,"href":"http:\/\/argentinamunicipal.com.ar\/argentina\/wp-json\/wp\/v2\/posts\/87743\/revisions"}],"wp:featuredmedia":[{"embeddable":true,"href":"http:\/\/argentinamunicipal.com.ar\/argentina\/wp-json\/wp\/v2\/media\/87744"}],"wp:attachment":[{"href":"http:\/\/argentinamunicipal.com.ar\/argentina\/wp-json\/wp\/v2\/media?parent=87743"}],"wp:term":[{"taxonomy":"category","embeddable":true,"href":"http:\/\/argentinamunicipal.com.ar\/argentina\/wp-json\/wp\/v2\/categories?post=87743"},{"taxonomy":"post_tag","embeddable":true,"href":"http:\/\/argentinamunicipal.com.ar\/argentina\/wp-json\/wp\/v2\/tags?post=87743"}],"curies":[{"name":"wp","href":"https:\/\/api.w.org\/{rel}","templated":true}]}}