{"id":87800,"date":"2019-03-12T07:16:27","date_gmt":"2019-03-12T10:16:27","guid":{"rendered":"http:\/\/argentinamunicipal.com.ar\/argentina\/?p=87800"},"modified":"2019-03-12T07:16:27","modified_gmt":"2019-03-12T10:16:27","slug":"mas-de-60-intendentes-de-todo-el-pais-se-reuniran-en-san-lorenzo","status":"publish","type":"post","link":"http:\/\/argentinamunicipal.com.ar\/argentina\/mas-de-60-intendentes-de-todo-el-pais-se-reuniran-en-san-lorenzo\/","title":{"rendered":"M\u00e1s de 60 intendentes de todo el pa\u00eds se reunir\u00e1n en San Lorenzo"},"content":{"rendered":"<p>La Red Argentina de Municipios frente al Cambio Clim\u00e1tico se reunir\u00e1 el jueves 14 de marzo en el Complejo Museol\u00f3gico \u201cPino de San Lorenzo\u201d.<\/p>\n<p>Participar\u00e1n 61 mandatarios municipales y referentes en la materia, provenientes de Alemania y Dinamarca. Realizar\u00e1n un balance y elegir\u00e1n a sus autoridades para el per\u00edodo 2019.<\/p>\n<p>El jueves 14 de marzo en el Complejo Museol\u00f3gico \u201cPino de San Lorenzo\u201d se celebrar\u00e1 la asamblea de intendentes. Los que forman parte de la Red Argentina de Municipios contra el Cambio Clim\u00e1tico (RAMCC).<\/p>\n<p>El organismo \u201ccoordina acciones locales y eval\u00faa los resultados de los programas que desarrollan los municipios que la integran\u201d.<\/p>\n<p>Adem\u00e1s \u201cejecuta proyectos o programas municipales, regionales o nacionales, relacionados con la mitigaci\u00f3n y\/o adaptaci\u00f3n al cambio clim\u00e1tico. A partir de la movilizaci\u00f3n de recursos locales, nacionales e internacionales\u201d.<\/p>\n<p>La ciudad de San Lorenzo adhiri\u00f3 a la red mediante un convenio suscrito por el intendente Leonardo Raimundo. En enero fue electa sede del evento por sus pares Cosqu\u00edn y Reconquista.<\/p>\n<p>\u201cLa designaci\u00f3n responde al compromiso de San Lorenzo en la generaci\u00f3n de energ\u00edas limpias, con la implementaci\u00f3n de diferentes proyectos como la planta de energ\u00eda fotovoltaica, la instalaci\u00f3n de un generador e\u00f3lico solar y el paseo costanero sustentable, entre otros\u201d, destacaron desde el gobierno local.<\/p>\n<p>El cambio clim\u00e1tico es el problema ambiental m\u00e1s importante al que se enfrenta la humanidad. Seg\u00fan la Convenci\u00f3n Marco de las Naciones Unidas sobre el Cambio Clim\u00e1tico. Este proceso es un \u201ccambio de clima atribuido, directa o indirectamente, a la actividad humana. La que altera la composici\u00f3n de la atm\u00f3sfera mundial y que se suma a la variabilidad natural del clima observada durante per\u00edodos de tiempo comparables\u201d.<\/p>\n<h6>Fuente: Sin Mordaza<\/h6>\n","protected":false},"excerpt":{"rendered":"<p>La Red Argentina de Municipios frente al Cambio Clim\u00e1tico se reunir\u00e1 el jueves 14 de marzo en el Complejo Museol\u00f3gico \u201cPino de San Lorenzo\u201d.<\/p>\n","protected":false},"author":2,"featured_media":87801,"comment_status":"closed","ping_status":"closed","sticky":false,"template":"","format":"standard","meta":{"footnotes":""},"categories":[2],"tags":[10],"class_list":["post-87800","post","type-post","status-publish","format-standard","has-post-thumbnail","hentry","category-informe-municipal","tag-santa-fe"],"_links":{"self":[{"href":"http:\/\/argentinamunicipal.com.ar\/argentina\/wp-json\/wp\/v2\/posts\/87800","targetHints":{"allow":["GET"]}}],"collection":[{"href":"http:\/\/argentinamunicipal.com.ar\/argentina\/wp-json\/wp\/v2\/posts"}],"about":[{"href":"http:\/\/argentinamunicipal.com.ar\/argentina\/wp-json\/wp\/v2\/types\/post"}],"author":[{"embeddable":true,"href":"http:\/\/argentinamunicipal.com.ar\/argentina\/wp-json\/wp\/v2\/users\/2"}],"replies":[{"embeddable":true,"href":"http:\/\/argentinamunicipal.com.ar\/argentina\/wp-json\/wp\/v2\/comments?post=87800"}],"version-history":[{"count":0,"href":"http:\/\/argentinamunicipal.com.ar\/argentina\/wp-json\/wp\/v2\/posts\/87800\/revisions"}],"wp:featuredmedia":[{"embeddable":true,"href":"http:\/\/argentinamunicipal.com.ar\/argentina\/wp-json\/wp\/v2\/media\/87801"}],"wp:attachment":[{"href":"http:\/\/argentinamunicipal.com.ar\/argentina\/wp-json\/wp\/v2\/media?parent=87800"}],"wp:term":[{"taxonomy":"category","embeddable":true,"href":"http:\/\/argentinamunicipal.com.ar\/argentina\/wp-json\/wp\/v2\/categories?post=87800"},{"taxonomy":"post_tag","embeddable":true,"href":"http:\/\/argentinamunicipal.com.ar\/argentina\/wp-json\/wp\/v2\/tags?post=87800"}],"curies":[{"name":"wp","href":"https:\/\/api.w.org\/{rel}","templated":true}]}}