{"id":87806,"date":"2019-03-12T05:21:29","date_gmt":"2019-03-12T08:21:29","guid":{"rendered":"http:\/\/argentinamunicipal.com.ar\/argentina\/?p=87806"},"modified":"2019-03-12T07:22:58","modified_gmt":"2019-03-12T10:22:58","slug":"la-municipalidad-de-tafi-viejo-lanzo-un-programa-de-emergencia-alimentaria","status":"publish","type":"post","link":"http:\/\/argentinamunicipal.com.ar\/argentina\/la-municipalidad-de-tafi-viejo-lanzo-un-programa-de-emergencia-alimentaria\/","title":{"rendered":"La Municipalidad de Taf\u00ed Viejo lanz\u00f3 un Programa de Emergencia Alimentaria"},"content":{"rendered":"<p>La presentaci\u00f3n del Programa de Emergencia Alimentaria (PEA) se realiz\u00f3 el s\u00e1bado en el SUM Nicol\u00e1s Avellaneda de la ciudad de Taf\u00ed Viejo. Se trata de una estrategia municipal que permite dar una respuesta frente a la falta de acceso de bienes b\u00e1sicos como la alimentaci\u00f3n a una poblaci\u00f3n que por circunstancias especificas son especialmente vulnerables y necesitan del apoyo del Estado Municipal para revertir sus condiciones de exclusi\u00f3n extrema.<\/p>\n<p>Impulsado por la secretar\u00eda de Promoci\u00f3n Social y Desarrollo Inclusivo a cargo de Daniela Bravo, el programa busca garantizar la seguridad alimentaria. El mismo aborda diversas necesidades que las 300 familias asistidas poseen, como ser salud, educaci\u00f3n y alimentaci\u00f3n.<\/p>\n<p>\u201cLa emergencia alimentaria por la que estamos atravesando es una de las preocupaciones fundamentales de nuestro Intendente, por lo que nos hemos puesto en la tarea de generar un programa y empezar a relevar a las familias que tienen una serie de indicadores que hacen que su situaci\u00f3n sea de extrema vulnerabilidad\u201d, sostuvo Paula Chein, subsecretaria de Promoci\u00f3n Social y Desarrollo Inclusivo.<\/p>\n<p>Con esto la municipalidad resolvi\u00f3 hacer entrega mensual de m\u00f3dulos alimentarios, y abordar otras cuestiones para que los tafice\u00f1os puedan gozar plenamente de sus derechos.<\/p>\n<p>\u201cHicimos esta reuni\u00f3n con las familias que integran este programa el plan de acci\u00f3n consiste en reunirnos con ellos para juntos caminar este tramo y lograr la mejora en sus calidades de vida\u201d, finaliz\u00f3 Chein.<\/p>\n<h6>Fuente: Tucum\u00e1n Hoy<\/h6>\n","protected":false},"excerpt":{"rendered":"<p>La presentaci\u00f3n del Programa de Emergencia Alimentaria (PEA) se realiz\u00f3 el s\u00e1bado en el SUM Nicol\u00e1s Avellaneda de la ciudad de Taf\u00ed Viejo. Se trata de una estrategia municipal que permite dar una respuesta frente a la falta de acceso de bienes b\u00e1sicos<\/p>\n","protected":false},"author":2,"featured_media":87807,"comment_status":"closed","ping_status":"closed","sticky":false,"template":"","format":"standard","meta":{"footnotes":""},"categories":[2],"tags":[33],"class_list":["post-87806","post","type-post","status-publish","format-standard","has-post-thumbnail","hentry","category-informe-municipal","tag-tucuman"],"_links":{"self":[{"href":"http:\/\/argentinamunicipal.com.ar\/argentina\/wp-json\/wp\/v2\/posts\/87806","targetHints":{"allow":["GET"]}}],"collection":[{"href":"http:\/\/argentinamunicipal.com.ar\/argentina\/wp-json\/wp\/v2\/posts"}],"about":[{"href":"http:\/\/argentinamunicipal.com.ar\/argentina\/wp-json\/wp\/v2\/types\/post"}],"author":[{"embeddable":true,"href":"http:\/\/argentinamunicipal.com.ar\/argentina\/wp-json\/wp\/v2\/users\/2"}],"replies":[{"embeddable":true,"href":"http:\/\/argentinamunicipal.com.ar\/argentina\/wp-json\/wp\/v2\/comments?post=87806"}],"version-history":[{"count":0,"href":"http:\/\/argentinamunicipal.com.ar\/argentina\/wp-json\/wp\/v2\/posts\/87806\/revisions"}],"wp:featuredmedia":[{"embeddable":true,"href":"http:\/\/argentinamunicipal.com.ar\/argentina\/wp-json\/wp\/v2\/media\/87807"}],"wp:attachment":[{"href":"http:\/\/argentinamunicipal.com.ar\/argentina\/wp-json\/wp\/v2\/media?parent=87806"}],"wp:term":[{"taxonomy":"category","embeddable":true,"href":"http:\/\/argentinamunicipal.com.ar\/argentina\/wp-json\/wp\/v2\/categories?post=87806"},{"taxonomy":"post_tag","embeddable":true,"href":"http:\/\/argentinamunicipal.com.ar\/argentina\/wp-json\/wp\/v2\/tags?post=87806"}],"curies":[{"name":"wp","href":"https:\/\/api.w.org\/{rel}","templated":true}]}}